{"id":19993,"date":"2016-10-10T18:15:40","date_gmt":"2016-10-10T16:15:40","guid":{"rendered":"https:\/\/www.forum-soegel.de\/information\/?p=19993"},"modified":"2016-10-10T18:15:40","modified_gmt":"2016-10-10T16:15:40","slug":"rathausrallye-in-sogel-%e2%80%93-gemeindeverwaltung-mal-ganz-anders","status":"publish","type":"post","link":"https:\/\/www.forum-soegel.de\/information\/2016\/10\/rathausrallye-in-sogel-%e2%80%93-gemeindeverwaltung-mal-ganz-anders\/","title":{"rendered":"Rathausrallye in S\u00f6gel \u2013 Gemeindeverwaltung mal ganz anders"},"content":{"rendered":"<p>S\u00f6gel:Die Junge Union Aschendorf-H\u00fcmmling veranstaltete k\u00fcrzlich gemeinsam mit dem JU Ortsverband S\u00f6gel im Rahmen des Ferienpassangebots der Samtgemeinde S\u00f6gel erstmals eine Rallye durch das S\u00f6geler Rathaus.<\/p>\n<p>Wie viele Menschen leben eigentlich in unserer Samtgemeinde und wof\u00fcr steht unser Wappen? Was sind die Aufgaben eines Samtgemeindeb\u00fcrgermeisters und wo tagt der Rat der Gemeinde? Wo kann ich meinen Hund anmelden und einen Reisepass beantragen?<\/p>\n<p>Diesen und vielen weiteren Fragen ging k\u00fcrzlich eine Gruppe Jungen und M\u00e4dchen im Rahmen einer Ferienpassaktion der JU Aschendorf-H\u00fcmmling und der Samtgemeinde S\u00f6gel auf den Grund.<\/p>\n<p>Nach einer Einf\u00fchrung und allgemeinen Vorstellung durch den Ersten Samtgemeinderat und stellv. Gemeindedirektor Hans Nowak, konnten die Kinder das Rathaus w\u00e4hrend einer Rallye auf eigene Faust erkunden. Ein Laufzettel mit unterschiedlichsten Aufgaben und Fragen, f\u00fchrte sie dabei in die einzelnen Fachbereiche der Verwaltung. Tatkr\u00e4ftige Unterst\u00fctzung bei der Beantwortung der Fragen gab es dabei von den Mitarbeiterinnen und Mitarbeitern. So konnten die Kinder auch viel Praktisches f\u00fcr den Alltag mitnehmen. \u201eWenn wir jetzt bald einen Hund bekommen, wei\u00df ich sogar wo wir ihn anmelden k\u00f6nnen\u201c, zeigte sich eines der Kinder begeistert.<\/p>\n<p>\u201eF\u00fcr Kinder und Jugendliche ist ein Rathaus h\u00e4ufig ein Ort mit dem sie wenig verbinden und womit sie im Alltag kaum Ber\u00fchrungspunkte haben\u201c, so das S\u00f6geler JU-Vorstandsmitglied Sandra Wichmann. \u201eDaher haben wir uns besonders gefreut, dass auch die Samtgemeinde S\u00f6gel sofort ihre Unterst\u00fctzung zugesagt hat. So konnten wir auf Kreisebene mit S\u00f6gel und auch D\u00f6rpen gleich zwei Veranstaltungen dieser Art anbieten\u201c erg\u00e4nzt die Kreisvorsitzende Veronika Eilers.<\/p>\n<p>Besonderes Highlight f\u00fcr die Jungen und M\u00e4dchen im momentan allgemeinen Pok\u00e9mon-Fieber: Im ganzen Rathaus hatten sich zahlreiche Pok\u00e9mon-Figuren versteckt, die von den Kindern eifrig gesucht wurden. Zum Abschluss gab es dann noch f\u00fcr alle eine St\u00e4rkung. Neben viel neuem Wissen konnten dann die gesammelten Pok\u00e9mons, eine Urkunde sowie kleine Preise mit nach Hause genommen werden.<\/p>\n<p>Text: Veronika Eilers Foto: Gemeinde S\u00f6gel<\/p>\n<p><a href=\"https:\/\/www.forum-soegel.de\/information\/wp-content\/uploads\/2016\/10\/Rathausrallye-in-S\u00f6gel.jpg\"><img loading=\"lazy\" decoding=\"async\" class=\"alignnone size-medium wp-image-19994\" title=\"Rathausrallye in S\u00f6gel\" src=\"https:\/\/www.forum-soegel.de\/information\/wp-content\/uploads\/2016\/10\/Rathausrallye-in-S\u00f6gel-300x200.jpg\" alt=\"\" width=\"300\" height=\"200\" srcset=\"https:\/\/www.forum-soegel.de\/information\/wp-content\/uploads\/2016\/10\/Rathausrallye-in-S\u00f6gel-300x200.jpg 300w, https:\/\/www.forum-soegel.de\/information\/wp-content\/uploads\/2016\/10\/Rathausrallye-in-S\u00f6gel.jpg 1024w\" sizes=\"auto, (max-width: 300px) 100vw, 300px\" \/><\/a><\/p>\n<p>&nbsp;<\/p>\n<p>&nbsp;<\/p>\n","protected":false},"excerpt":{"rendered":"S\u00f6gel:Die Junge Union Aschendorf-H\u00fcmmling veranstaltete k\u00fcrzlich gemeinsam mit dem JU Ortsverband S\u00f6gel im Rahmen des Ferienpassangebots der Samtgemeinde S\u00f6gel erstmals eine Rallye durch das S\u00f6geler Rathaus. Wie viele Menschen leben eigentlich in unserer Samtgemeinde und wof\u00fcr steht unser Wappen? Was sind die Aufgaben eines Samtgemeindeb\u00fcrgermeisters und wo tagt der Rat der Gemeinde? Wo kann ich [&hellip;]\n","protected":false},"author":2,"featured_media":0,"comment_status":"closed","ping_status":"closed","sticky":false,"template":"","format":"standard","meta":{"ngg_post_thumbnail":0,"footnotes":""},"categories":[3],"tags":[],"class_list":["post-19993","post","type-post","status-publish","format-standard","hentry","category-aktuelles-aus-der-region"],"_links":{"self":[{"href":"https:\/\/www.forum-soegel.de\/information\/wp-json\/wp\/v2\/posts\/19993","targetHints":{"allow":["GET"]}}],"collection":[{"href":"https:\/\/www.forum-soegel.de\/information\/wp-json\/wp\/v2\/posts"}],"about":[{"href":"https:\/\/www.forum-soegel.de\/information\/wp-json\/wp\/v2\/types\/post"}],"author":[{"embeddable":true,"href":"https:\/\/www.forum-soegel.de\/information\/wp-json\/wp\/v2\/users\/2"}],"replies":[{"embeddable":true,"href":"https:\/\/www.forum-soegel.de\/information\/wp-json\/wp\/v2\/comments?post=19993"}],"version-history":[{"count":2,"href":"https:\/\/www.forum-soegel.de\/information\/wp-json\/wp\/v2\/posts\/19993\/revisions"}],"predecessor-version":[{"id":19996,"href":"https:\/\/www.forum-soegel.de\/information\/wp-json\/wp\/v2\/posts\/19993\/revisions\/19996"}],"wp:attachment":[{"href":"https:\/\/www.forum-soegel.de\/information\/wp-json\/wp\/v2\/media?parent=19993"}],"wp:term":[{"taxonomy":"category","embeddable":true,"href":"https:\/\/www.forum-soegel.de\/information\/wp-json\/wp\/v2\/categories?post=19993"},{"taxonomy":"post_tag","embeddable":true,"href":"https:\/\/www.forum-soegel.de\/information\/wp-json\/wp\/v2\/tags?post=19993"}],"curies":[{"name":"wp","href":"https:\/\/api.w.org\/{rel}","templated":true}]}}