{"id":19972,"date":"2016-10-10T18:03:11","date_gmt":"2016-10-10T16:03:11","guid":{"rendered":"https:\/\/www.forum-soegel.de\/information\/?p=19972"},"modified":"2016-10-10T18:03:11","modified_gmt":"2016-10-10T16:03:11","slug":"falknertag-auf-schloss-clemenswerth","status":"publish","type":"post","link":"https:\/\/www.forum-soegel.de\/information\/2016\/10\/falknertag-auf-schloss-clemenswerth\/","title":{"rendered":"Falknertag auf Schloss Clemenswerth"},"content":{"rendered":"<p><a href=\"https:\/\/www.forum-soegel.de\/information\/wp-content\/uploads\/2015\/09\/Schloss-Clemenswerth.jpg\"><img loading=\"lazy\" decoding=\"async\" class=\"alignleft size-full wp-image-17258\" title=\"Schloss Clemenswerth\" src=\"https:\/\/www.forum-soegel.de\/information\/wp-content\/uploads\/2015\/09\/Schloss-Clemenswerth.jpg\" alt=\"\" width=\"201\" height=\"130\" \/><\/a>Mit dem Falknertag am Sonntag, den 30. Oktober von 13 bis ca. 15 Uhr, beschlie\u00dft das Emslandmuseum Schloss Clemenswerth seine diesj\u00e4hrige Saison. Die beliebte Flugvorf\u00fchrung startet p\u00fcnktlich um 14 Uhr. Bei der beeindruckenden Show k\u00f6nnen Besucher hautnah erleben, wie die majest\u00e4tischen V\u00f6gel vor der Kulisse des Schlosses in die L\u00fcfte steigen \u2013 und dicht \u00fcber den K\u00f6pfen der Zuschauer zum Landeflug ansetzen. Rund um die Vorf\u00fchrung pr\u00e4sentieren Falkner ihre Tiere auf der Beizvogelwiese. Als Besucher kann man hier und am Infostand des Deutschen Falkenordens \u00fcber die Falknerei im Allgemeinen, die Beizjagd im Speziellen sowie \u00fcber Zucht und Haltung von Greifv\u00f6geln ins Gespr\u00e4ch kommen. Der Blick auf die heimmische Tierwelt kann beim J\u00e4germobil gesch\u00e4rft werden und f\u00fcr Kinder gibt es einen Basteltisch. Selbstverst\u00e4ndlich fehlen auch nicht die Jagdhornbl\u00e4ser Clemenswerth im Programm, die die Veranstaltung er\u00f6ffnen. Der achte Falknertag findet in Zusammenarbeit mit dem Deutschen Falkenorden, dem Touristikverein S\u00f6gel e.V. sowie der Gemeinde S\u00f6gel statt. Der Eintritt auf dem Gel\u00e4nde ist frei. F\u00fcr den Museumsbesuch gilt der regul\u00e4re Eintritt.<\/p>\n<p>Der Falknertag ist gleichzeitig der Abschluss der Internationalen Falknertagung, die vom 27. bis 30. Oktober auf Schloss Clemenswerth stattfindet. Bei dem Treffen gehen Falkner aus \u00fcber 15 Nationen von Donnerstag bis Samstag mit ihren Tieren in den weitl\u00e4ufigen Jagdgr\u00fcnden um Schloss Clemenswerth auf die Beizjagd. Abschluss eines jeden Tages ist das \u201eStrecke legen\u201c, das auch f\u00fcr Nicht-J\u00e4ger ein Highlight ist. Interessierte k\u00f6nnen am Samstag, den 29. Oktober um 18 Uhr, an diesem Jagdritual teilhaben, dann wird die Strecke nicht in den einzelnen Revieren sondern vor dem Schloss gelegt. Weitere Infos unter: www.d-f-o.de.<\/p>\n<p>Das Museumsjahr selbst ist mit dem Falknertag aber noch nicht beendet. Im November gibt es u.a. wieder die beliebten Taschenlampenf\u00fchrungen und am 3.\/4. Dezember l\u00e4dt der Markt \u201eAdvent auf Schloss Clemenswerth\u201c mit 100 St\u00e4nden zum Bummeln und Verweilen ein. Alle Termine unter www.clemenswerth.de.<\/p>\n<p>Text: Ramona Krons \/ Foto: Eckhard Albrecht, privat<\/p>\n","protected":false},"excerpt":{"rendered":"Mit dem Falknertag am Sonntag, den 30. Oktober von 13 bis ca. 15 Uhr, beschlie\u00dft das Emslandmuseum Schloss Clemenswerth seine diesj\u00e4hrige Saison. Die beliebte Flugvorf\u00fchrung startet p\u00fcnktlich um 14 Uhr. Bei der beeindruckenden Show k\u00f6nnen Besucher hautnah erleben, wie die majest\u00e4tischen V\u00f6gel vor der Kulisse des Schlosses in die L\u00fcfte steigen \u2013 und dicht \u00fcber [&hellip;]\n","protected":false},"author":2,"featured_media":0,"comment_status":"closed","ping_status":"closed","sticky":false,"template":"","format":"standard","meta":{"ngg_post_thumbnail":0,"footnotes":""},"categories":[3],"tags":[],"class_list":["post-19972","post","type-post","status-publish","format-standard","hentry","category-aktuelles-aus-der-region"],"_links":{"self":[{"href":"https:\/\/www.forum-soegel.de\/information\/wp-json\/wp\/v2\/posts\/19972","targetHints":{"allow":["GET"]}}],"collection":[{"href":"https:\/\/www.forum-soegel.de\/information\/wp-json\/wp\/v2\/posts"}],"about":[{"href":"https:\/\/www.forum-soegel.de\/information\/wp-json\/wp\/v2\/types\/post"}],"author":[{"embeddable":true,"href":"https:\/\/www.forum-soegel.de\/information\/wp-json\/wp\/v2\/users\/2"}],"replies":[{"embeddable":true,"href":"https:\/\/www.forum-soegel.de\/information\/wp-json\/wp\/v2\/comments?post=19972"}],"version-history":[{"count":1,"href":"https:\/\/www.forum-soegel.de\/information\/wp-json\/wp\/v2\/posts\/19972\/revisions"}],"predecessor-version":[{"id":19973,"href":"https:\/\/www.forum-soegel.de\/information\/wp-json\/wp\/v2\/posts\/19972\/revisions\/19973"}],"wp:attachment":[{"href":"https:\/\/www.forum-soegel.de\/information\/wp-json\/wp\/v2\/media?parent=19972"}],"wp:term":[{"taxonomy":"category","embeddable":true,"href":"https:\/\/www.forum-soegel.de\/information\/wp-json\/wp\/v2\/categories?post=19972"},{"taxonomy":"post_tag","embeddable":true,"href":"https:\/\/www.forum-soegel.de\/information\/wp-json\/wp\/v2\/tags?post=19972"}],"curies":[{"name":"wp","href":"https:\/\/api.w.org\/{rel}","templated":true}]}}