{"id":19969,"date":"2016-10-10T18:00:36","date_gmt":"2016-10-10T16:00:36","guid":{"rendered":"https:\/\/www.forum-soegel.de\/information\/?p=19969"},"modified":"2016-10-10T18:00:36","modified_gmt":"2016-10-10T16:00:36","slug":"singen-verbindet-%e2%80%93-singen-hilft","status":"publish","type":"post","link":"https:\/\/www.forum-soegel.de\/information\/2016\/10\/singen-verbindet-%e2%80%93-singen-hilft\/","title":{"rendered":"Singen verbindet \u2013 Singen hilft"},"content":{"rendered":"<p style=\"text-align: left;\" align=\"center\"><strong>Benefizchorkonzert zugunsten von donum vitae<\/strong><\/p>\n<p align=\"left\">S\u00f6gel &#8211; Unter dem Motto: Singen verbindet \u2013 Singen hilft findet am 30. Oktober 2016 um 16.00 Uhr ein Benefizchorkonzert\u00a0 in der Aula des H\u00fcmmling-Gymnasiums in S\u00f6gel\u00a0 statt. Der Singkreis S\u00f6gel, der Chor \u201eOver the rainbow\u201c Papenburg, der Gospelchor aus Sustrum Moor und der Folklorechor Kalinka aus S\u00f6gel werden mit einem bunten musikalischen\u00a0 Mix f\u00fcr einen unterhaltsamen und abwechslungsreichen\u00a0 Nachmittag zugunsten von donum vitae sorgen.<\/p>\n<p align=\"left\">Der Eintritt zum Konzert ist frei, Spenden sind jedoch erbeten. Die Einnahmen durch die Spenden werden f\u00fcr in Not geratene schwangere Frauen und ihre Familien, die in den\u00a0 Schwangerschaftsberatungsstellen von donum vitae Emsland e.V. beraten und begleitet werden, eingesetzt. Au\u00dferdem wird damit das Projekt wellcome \u2013 Praktische Hilfe nach der Geburt unterst\u00fctzt. Donum vitae unterh\u00e4lt Beratungsstellen in Lingen, Meppen, Papenburg und Werlte.<\/p>\n<p align=\"left\">Dorothee Gepp, Vorsitzende von donum vitae Emsland e.V. ist sehr erfreut \u00fcber die Unterst\u00fctzung der Gemeinde S\u00f6gel und die \u00dcbernahme der Schirmherrschaft durch die B\u00fcrgermeisterin von S\u00f6gel, Irmgard Welling.<\/p>\n<p align=\"left\">\u00a0\u201eBesonders Frauen, die ihre Schwangerschaft vor gro\u00dfe Probleme stellt, brauchen kl\u00e4rende Beratung und Unterst\u00fctzung. Dass donum vitae solche Hilfe bietet, darauf m\u00fcssen wir immer wieder aufmerksam machen\u201c, so die Vorsitzende. Weitere Infos unter www.emsland.donumvitae.org.<\/p>\n<p align=\"left\">Text\/Foto: Ingrid Cloppenburg<\/p>\n<p align=\"left\"><a href=\"https:\/\/www.forum-soegel.de\/information\/wp-content\/uploads\/2016\/10\/Singen-verbindet-\u2013-Singen-hilft.jpg\"><img loading=\"lazy\" decoding=\"async\" class=\"alignnone size-medium wp-image-19970\" title=\"Singen verbindet \u2013 Singen hilft\" src=\"https:\/\/www.forum-soegel.de\/information\/wp-content\/uploads\/2016\/10\/Singen-verbindet-\u2013-Singen-hilft-300x281.jpg\" alt=\"\" width=\"300\" height=\"281\" srcset=\"https:\/\/www.forum-soegel.de\/information\/wp-content\/uploads\/2016\/10\/Singen-verbindet-\u2013-Singen-hilft-300x281.jpg 300w, https:\/\/www.forum-soegel.de\/information\/wp-content\/uploads\/2016\/10\/Singen-verbindet-\u2013-Singen-hilft.jpg 818w\" sizes=\"auto, (max-width: 300px) 100vw, 300px\" \/><\/a><\/p>\n","protected":false},"excerpt":{"rendered":"Benefizchorkonzert zugunsten von donum vitae S\u00f6gel &#8211; Unter dem Motto: Singen verbindet \u2013 Singen hilft findet am 30. Oktober 2016 um 16.00 Uhr ein Benefizchorkonzert\u00a0 in der Aula des H\u00fcmmling-Gymnasiums in S\u00f6gel\u00a0 statt. Der Singkreis S\u00f6gel, der Chor \u201eOver the rainbow\u201c Papenburg, der Gospelchor aus Sustrum Moor und der Folklorechor Kalinka aus S\u00f6gel werden mit [&hellip;]\n","protected":false},"author":2,"featured_media":0,"comment_status":"closed","ping_status":"closed","sticky":false,"template":"","format":"standard","meta":{"ngg_post_thumbnail":0,"footnotes":""},"categories":[3],"tags":[],"class_list":["post-19969","post","type-post","status-publish","format-standard","hentry","category-aktuelles-aus-der-region"],"_links":{"self":[{"href":"https:\/\/www.forum-soegel.de\/information\/wp-json\/wp\/v2\/posts\/19969","targetHints":{"allow":["GET"]}}],"collection":[{"href":"https:\/\/www.forum-soegel.de\/information\/wp-json\/wp\/v2\/posts"}],"about":[{"href":"https:\/\/www.forum-soegel.de\/information\/wp-json\/wp\/v2\/types\/post"}],"author":[{"embeddable":true,"href":"https:\/\/www.forum-soegel.de\/information\/wp-json\/wp\/v2\/users\/2"}],"replies":[{"embeddable":true,"href":"https:\/\/www.forum-soegel.de\/information\/wp-json\/wp\/v2\/comments?post=19969"}],"version-history":[{"count":1,"href":"https:\/\/www.forum-soegel.de\/information\/wp-json\/wp\/v2\/posts\/19969\/revisions"}],"predecessor-version":[{"id":19971,"href":"https:\/\/www.forum-soegel.de\/information\/wp-json\/wp\/v2\/posts\/19969\/revisions\/19971"}],"wp:attachment":[{"href":"https:\/\/www.forum-soegel.de\/information\/wp-json\/wp\/v2\/media?parent=19969"}],"wp:term":[{"taxonomy":"category","embeddable":true,"href":"https:\/\/www.forum-soegel.de\/information\/wp-json\/wp\/v2\/categories?post=19969"},{"taxonomy":"post_tag","embeddable":true,"href":"https:\/\/www.forum-soegel.de\/information\/wp-json\/wp\/v2\/tags?post=19969"}],"curies":[{"name":"wp","href":"https:\/\/api.w.org\/{rel}","templated":true}]}}