{"id":19919,"date":"2016-10-10T17:29:50","date_gmt":"2016-10-10T15:29:50","guid":{"rendered":"https:\/\/www.forum-soegel.de\/information\/?p=19919"},"modified":"2016-10-10T17:29:50","modified_gmt":"2016-10-10T15:29:50","slug":"kompaniepokalschiesen-am-letzten-dienstag-im-monat","status":"publish","type":"post","link":"https:\/\/www.forum-soegel.de\/information\/2016\/10\/kompaniepokalschiesen-am-letzten-dienstag-im-monat\/","title":{"rendered":"Kompaniepokalschie\u00dfen am letzten Dienstag im Monat"},"content":{"rendered":"<p>S\u00f6gel &#8211; Das Kompaniepokalschie\u00dfen startete am Dienstag, dem 30.08. in die zweite Runde des Jahres. Es folgen nun noch die Monate September, Oktober und November, in denen das Kompanieschie\u00dfen jeweils am letzten Dienstag im Monat ab 19.00 Uhr im Schie\u00dfstand stattfindet. Das letzte Kompaniepokalschie\u00dfen am 30. August konnte bei herrlichem Sommerwetter im sogenannten \u201eBiergarten des Sch\u00fctzenhofes&#8220; durchgef\u00fchrt werden. Bei bester Sommerabendstimmung mit Bratwurst, Wein und Bier wurde so manches interessante Gespr\u00e4ch gef\u00fchrt. Unter den knapp 70 Sch\u00fctzinnen und Sch\u00fctzen an diesem Abend, mischte sich auch das amtierende K\u00f6nigspaar Michael und Sandra Kla\u00df mit seinem gesamten Throngefolge. Als dann der neue K\u00f6nig und sein Thron den anwesenden Teilnehmern ihre Aufwartung mit einem Freibier machte, stieg die Stimmung auf den H\u00f6hepunkt. Das sch\u00f6ne Sommerwetter und die guten Schie\u00dfergebnisse der Sch\u00fctzen taten ihr \u00fcbriges, sodass es ein sehr vergn\u00fcglicher Abend wurde. An dieser Stelle ein herzliches Dankesch\u00f6n an das K\u00f6nigspaar und sein Throngefolge.<\/p>\n<p>Nachdem wir das Konzept zur Gestaltung des Kompaniepokalschie\u00dfen dahin gehend ge\u00e4ndert wurde, dass auch alle Mitglieder und Nichtmitglieder herzlich zum Schie\u00dfabend am letzten Dienstag im Monat eingeladen sind, haben sehr viele dieses Angebot gerne angenommen, um ganz zwanglos ein paar sch\u00f6ne Stunden in Stammtischstimmung zu erleben. F\u00fcr viele Teilnehmer ist es eine interessante Erfahrung, welch sch\u00f6ner Sport sich hinter dem Schie\u00dfen mit dem Kleinkalibergewehr verbirgt. Das Schie\u00dfen ist eben Spa\u00df an der Freud, frei nach dem Motto: \u201eEs wird nicht nur geschossen&#8230; man trifft auch Freunde&#8220;!<\/p>\n<p>Wir m\u00f6chten noch einmal hervorheben, dass das Kompaniepokalschie\u00dfen kein Wettbewerb der Sportsch\u00fctzen oder anderer Profis und auch keine reine M\u00e4nnerriege ist, ganz im Gegenteil, es ist ein Abend f\u00fcr alle, ob Jung oder Alt, ob Frauen oder M\u00e4nner, die Spa\u00df am Schie\u00dfen haben oder einfach nur ein paar gesellige Stunden verbringen m\u00f6chten. F\u00fcr das leibliche Wohl wird jeweils gesorgt. Bringt gerne eure Freunde und Bekannten mit!<\/p>\n<p>Text: Werner Brinkmann, Sch\u00fctzenverein S\u00f6gel<\/p>\n<p>&nbsp;<\/p>\n","protected":false},"excerpt":{"rendered":"S\u00f6gel &#8211; Das Kompaniepokalschie\u00dfen startete am Dienstag, dem 30.08. in die zweite Runde des Jahres. Es folgen nun noch die Monate September, Oktober und November, in denen das Kompanieschie\u00dfen jeweils am letzten Dienstag im Monat ab 19.00 Uhr im Schie\u00dfstand stattfindet. Das letzte Kompaniepokalschie\u00dfen am 30. August konnte bei herrlichem Sommerwetter im sogenannten \u201eBiergarten des [&hellip;]\n","protected":false},"author":2,"featured_media":0,"comment_status":"closed","ping_status":"closed","sticky":false,"template":"","format":"standard","meta":{"ngg_post_thumbnail":0,"footnotes":""},"categories":[5],"tags":[],"class_list":["post-19919","post","type-post","status-publish","format-standard","hentry","category-was-machen-die-vereine"],"_links":{"self":[{"href":"https:\/\/www.forum-soegel.de\/information\/wp-json\/wp\/v2\/posts\/19919","targetHints":{"allow":["GET"]}}],"collection":[{"href":"https:\/\/www.forum-soegel.de\/information\/wp-json\/wp\/v2\/posts"}],"about":[{"href":"https:\/\/www.forum-soegel.de\/information\/wp-json\/wp\/v2\/types\/post"}],"author":[{"embeddable":true,"href":"https:\/\/www.forum-soegel.de\/information\/wp-json\/wp\/v2\/users\/2"}],"replies":[{"embeddable":true,"href":"https:\/\/www.forum-soegel.de\/information\/wp-json\/wp\/v2\/comments?post=19919"}],"version-history":[{"count":1,"href":"https:\/\/www.forum-soegel.de\/information\/wp-json\/wp\/v2\/posts\/19919\/revisions"}],"predecessor-version":[{"id":19920,"href":"https:\/\/www.forum-soegel.de\/information\/wp-json\/wp\/v2\/posts\/19919\/revisions\/19920"}],"wp:attachment":[{"href":"https:\/\/www.forum-soegel.de\/information\/wp-json\/wp\/v2\/media?parent=19919"}],"wp:term":[{"taxonomy":"category","embeddable":true,"href":"https:\/\/www.forum-soegel.de\/information\/wp-json\/wp\/v2\/categories?post=19919"},{"taxonomy":"post_tag","embeddable":true,"href":"https:\/\/www.forum-soegel.de\/information\/wp-json\/wp\/v2\/tags?post=19919"}],"curies":[{"name":"wp","href":"https:\/\/api.w.org\/{rel}","templated":true}]}}