{"id":19914,"date":"2016-10-10T17:28:41","date_gmt":"2016-10-10T15:28:41","guid":{"rendered":"https:\/\/www.forum-soegel.de\/information\/?p=19914"},"modified":"2016-10-10T17:28:41","modified_gmt":"2016-10-10T15:28:41","slug":"grundung-von-interessengemeinschaft","status":"publish","type":"post","link":"https:\/\/www.forum-soegel.de\/information\/2016\/10\/grundung-von-interessengemeinschaft\/","title":{"rendered":"Gr\u00fcndung von Interessengemeinschaft"},"content":{"rendered":"<p style=\"text-align: left;\" align=\"center\"><strong><em>Ehrung von Agnes Wigbers<\/em><\/strong><\/p>\n<p style=\"text-align: left;\" align=\"center\"><strong><em><\/em><\/strong>Spahnharrenst\u00e4tte &#8211; In diesem Jahr hatte die Generalversammlung des Sportvereins neben den \u00fcblichen Tagesordnungspunkten wie Kassenbericht und Bericht der Abteilungen und Mannschaften zwei Besonderheiten zu bieten.<\/p>\n<p align=\"left\">Der Vorstand informierte \u00fcber die neu gegr\u00fcndete Interessengemeinschaft des Sportvereins. Diese Interessengemeinschaft macht es sich zur Aufgabe, Gelder f\u00fcr die Jugendarbeit des Vereines zu aquirieren. Diese F\u00f6rdergelder sollen Projekte f\u00f6rdern, die \u00fcber das \u201enormale&#8220; Vereinsleben hinausgehen.<\/p>\n<p align=\"left\">Ein weiterer aussergew\u00f6hnlicher Tagesordnungspunkt war die Ehrung von Agnes Wigbers. Frau Wigbers wurde f\u00fcr \u00fcber 40 Jahre \u00dcbungs- und Spartenleiterin mit der silbernen Ehrennadel der DJK ausgezeichnet. Die Ehrung wurde vom DJK- Dioz\u00f6sanverband vorgenommen.<\/p>\n<p align=\"left\">Die Wahlen der vakanten Vorstandspositionen ergaben folgendes Ergebnis:<\/p>\n<p align=\"left\">2. Vorsitzender: G\u00fcnter R\u00fcdebusch (Wiederwahl)<\/p>\n<p align=\"left\">Kassenwart: Lutz Kleymann (Wiederwahl)<\/p>\n<p align=\"left\">Schriftf\u00fchrer: Clemens Kurre (Wiederwahl)<\/p>\n<p align=\"left\">stellv. Kassenwart: Mathias Schmitz (neu)<\/p>\n<p align=\"left\">Jugendwart: Thomas Meyer (best\u00e4tigt)<\/p>\n<p align=\"left\">Unter \u201eVerschiedenes&#8220; teilte der Vorsitzende Horst Schrandt mit, dass in K\u00fcrze eine neue Homepage freigeschaltet werde.<\/p>\n<p align=\"left\">Text\/Foto: WR, SPH-V<\/p>\n<p align=\"left\"><a href=\"https:\/\/www.forum-soegel.de\/information\/wp-content\/uploads\/2016\/10\/Interessengemeinschaft-gegr\u00fcndet-und-Agnes-Wigbers-geehrt1.jpg\"><img loading=\"lazy\" decoding=\"async\" class=\"alignnone size-thumbnail wp-image-19915\" title=\"Interessengemeinschaft gegr\u00fcndet und Agnes Wigbers geehrt1\" src=\"https:\/\/www.forum-soegel.de\/information\/wp-content\/uploads\/2016\/10\/Interessengemeinschaft-gegr\u00fcndet-und-Agnes-Wigbers-geehrt1-150x150.jpg\" alt=\"\" width=\"150\" height=\"150\" \/><\/a>\u00a0\u00a0<a href=\"https:\/\/www.forum-soegel.de\/information\/wp-content\/uploads\/2016\/10\/Interessengemeinschaft-gegr\u00fcndet-und-Agnes-Wigbers-geehrt2.jpg\"><img loading=\"lazy\" decoding=\"async\" class=\"alignnone size-thumbnail wp-image-19916\" title=\"Interessengemeinschaft gegr\u00fcndet und Agnes Wigbers geehrt2\" src=\"https:\/\/www.forum-soegel.de\/information\/wp-content\/uploads\/2016\/10\/Interessengemeinschaft-gegr\u00fcndet-und-Agnes-Wigbers-geehrt2-150x150.jpg\" alt=\"\" width=\"150\" height=\"150\" \/><\/a>\u00a0\u00a0<a href=\"https:\/\/www.forum-soegel.de\/information\/wp-content\/uploads\/2016\/10\/Interessengemeinschaft-gegr\u00fcndet-und-Agnes-Wigbers-geehrt3.jpg\"><img loading=\"lazy\" decoding=\"async\" class=\"alignnone size-thumbnail wp-image-19917\" title=\"Interessengemeinschaft gegr\u00fcndet und Agnes Wigbers geehrt3\" src=\"https:\/\/www.forum-soegel.de\/information\/wp-content\/uploads\/2016\/10\/Interessengemeinschaft-gegr\u00fcndet-und-Agnes-Wigbers-geehrt3-150x150.jpg\" alt=\"\" width=\"150\" height=\"150\" \/><\/a><\/p>\n","protected":false},"excerpt":{"rendered":"Ehrung von Agnes Wigbers Spahnharrenst\u00e4tte &#8211; In diesem Jahr hatte die Generalversammlung des Sportvereins neben den \u00fcblichen Tagesordnungspunkten wie Kassenbericht und Bericht der Abteilungen und Mannschaften zwei Besonderheiten zu bieten. Der Vorstand informierte \u00fcber die neu gegr\u00fcndete Interessengemeinschaft des Sportvereins. Diese Interessengemeinschaft macht es sich zur Aufgabe, Gelder f\u00fcr die Jugendarbeit des Vereines zu aquirieren. [&hellip;]\n","protected":false},"author":2,"featured_media":0,"comment_status":"closed","ping_status":"closed","sticky":false,"template":"","format":"standard","meta":{"ngg_post_thumbnail":0,"footnotes":""},"categories":[5],"tags":[],"class_list":["post-19914","post","type-post","status-publish","format-standard","hentry","category-was-machen-die-vereine"],"_links":{"self":[{"href":"https:\/\/www.forum-soegel.de\/information\/wp-json\/wp\/v2\/posts\/19914","targetHints":{"allow":["GET"]}}],"collection":[{"href":"https:\/\/www.forum-soegel.de\/information\/wp-json\/wp\/v2\/posts"}],"about":[{"href":"https:\/\/www.forum-soegel.de\/information\/wp-json\/wp\/v2\/types\/post"}],"author":[{"embeddable":true,"href":"https:\/\/www.forum-soegel.de\/information\/wp-json\/wp\/v2\/users\/2"}],"replies":[{"embeddable":true,"href":"https:\/\/www.forum-soegel.de\/information\/wp-json\/wp\/v2\/comments?post=19914"}],"version-history":[{"count":1,"href":"https:\/\/www.forum-soegel.de\/information\/wp-json\/wp\/v2\/posts\/19914\/revisions"}],"predecessor-version":[{"id":19918,"href":"https:\/\/www.forum-soegel.de\/information\/wp-json\/wp\/v2\/posts\/19914\/revisions\/19918"}],"wp:attachment":[{"href":"https:\/\/www.forum-soegel.de\/information\/wp-json\/wp\/v2\/media?parent=19914"}],"wp:term":[{"taxonomy":"category","embeddable":true,"href":"https:\/\/www.forum-soegel.de\/information\/wp-json\/wp\/v2\/categories?post=19914"},{"taxonomy":"post_tag","embeddable":true,"href":"https:\/\/www.forum-soegel.de\/information\/wp-json\/wp\/v2\/tags?post=19914"}],"curies":[{"name":"wp","href":"https:\/\/api.w.org\/{rel}","templated":true}]}}