{"id":19911,"date":"2016-10-10T17:26:19","date_gmt":"2016-10-10T15:26:19","guid":{"rendered":"https:\/\/www.forum-soegel.de\/information\/?p=19911"},"modified":"2016-10-10T17:26:19","modified_gmt":"2016-10-10T15:26:19","slug":"ia-pramierung-fur-sogeler-kaltblutstute-%e2%80%9ehelene%e2%80%9c","status":"publish","type":"post","link":"https:\/\/www.forum-soegel.de\/information\/2016\/10\/ia-pramierung-fur-sogeler-kaltblutstute-%e2%80%9ehelene%e2%80%9c\/","title":{"rendered":"Ia Pr\u00e4mierung f\u00fcr S\u00f6geler Kaltblutstute \u201eHelene\u201c"},"content":{"rendered":"<p>S\u00f6gel &#8211; Bei der zentralen Kaltblutstutenschau in Uelsen konnte die Rheinisch Deutsche Kaltblutstute aus der Zucht von Hermann Brachem mit dem Gesamtergebnis 7,6 die beste Bewertung in ihrer Gruppe\u00a0 erzielen.<\/p>\n<p>Sie erhielt au\u00dferdem\u00a0 die Staatspr\u00e4mienanwartschaft durch die Bewertungskomission. Landtagspr\u00e4sident Bernd Busemann, der \u00a0bei der Pr\u00e4mierung anwesend war, gratulierte zum Erfolg: \u201e Z\u00fcchten hei\u00dft, in Generationen zu denken.<\/p>\n<p>Dieser bew\u00e4hrte Grundsatz erfordert nicht nur Weitblick, sondern auch einen langen Atem.\u201c Mit der Auszeichnung der Stute \u201e Helene\u201c habe Brachem eine hervorragende Zuchtstrategie bewiesen, zollte Busemann seine Anerkennung, denn \u201eHelene\u201c\u00a0 ist\u00a0 lt. Zuchtleiter Dr. Uwe\u00a0 Clar auch Anw\u00e4rterin f\u00fcr die Bundeskaltblutschau im Rahmen der Gr\u00fcnen Woche Anfang 2017 in Berlin.<\/p>\n<p>Das Nutzungsspektrum der Kaltblutpferde hat sich mit der Mechanisierung der Landwirtschaft grundlegend ge\u00e4ndert. Heute ist der Kaltbl\u00fcter als R\u00fcckepferd im Forst oder als Freizeitpartner f\u00fcr Fahrer und Reiter sehr gefragt.\u00a0 Brachem nutzt und pflegt mit den Pferden Naturschutzfl\u00e4chen. Er bildet sie als R\u00fccke- und Zugpferde selbst aus und verkauft die Tiere, die nicht in der Zucht eingesetzt werden. So beispielsweise den Bruder der o.g. Stute, \u201eMax\u201c, der jetzt in Cuxhaven im Wattenmeer seinen Dienst tut.<\/p>\n<p>Text\/ Foto: Adolf Jelges sen.<\/p>\n<p><a href=\"https:\/\/www.forum-soegel.de\/information\/wp-content\/uploads\/2016\/10\/Ia-Pr\u00e4mierung-f\u00fcr-S\u00f6geler-Kaltblutstute-\u201eHelene\u201c.jpg\"><img loading=\"lazy\" decoding=\"async\" class=\"alignnone size-medium wp-image-19912\" title=\"Ia Pr\u00e4mierung f\u00fcr S\u00f6geler Kaltblutstute \u201eHelene\u201c\" src=\"https:\/\/www.forum-soegel.de\/information\/wp-content\/uploads\/2016\/10\/Ia-Pr\u00e4mierung-f\u00fcr-S\u00f6geler-Kaltblutstute-\u201eHelene\u201c-262x300.jpg\" alt=\"\" width=\"262\" height=\"300\" srcset=\"https:\/\/www.forum-soegel.de\/information\/wp-content\/uploads\/2016\/10\/Ia-Pr\u00e4mierung-f\u00fcr-S\u00f6geler-Kaltblutstute-\u201eHelene\u201c-262x300.jpg 262w, https:\/\/www.forum-soegel.de\/information\/wp-content\/uploads\/2016\/10\/Ia-Pr\u00e4mierung-f\u00fcr-S\u00f6geler-Kaltblutstute-\u201eHelene\u201c.jpg 671w\" sizes=\"auto, (max-width: 262px) 100vw, 262px\" \/><\/a><\/p>\n","protected":false},"excerpt":{"rendered":"S\u00f6gel &#8211; Bei der zentralen Kaltblutstutenschau in Uelsen konnte die Rheinisch Deutsche Kaltblutstute aus der Zucht von Hermann Brachem mit dem Gesamtergebnis 7,6 die beste Bewertung in ihrer Gruppe\u00a0 erzielen. Sie erhielt au\u00dferdem\u00a0 die Staatspr\u00e4mienanwartschaft durch die Bewertungskomission. Landtagspr\u00e4sident Bernd Busemann, der \u00a0bei der Pr\u00e4mierung anwesend war, gratulierte zum Erfolg: \u201e Z\u00fcchten hei\u00dft, in Generationen [&hellip;]\n","protected":false},"author":2,"featured_media":0,"comment_status":"closed","ping_status":"closed","sticky":false,"template":"","format":"standard","meta":{"ngg_post_thumbnail":0,"footnotes":""},"categories":[5],"tags":[],"class_list":["post-19911","post","type-post","status-publish","format-standard","hentry","category-was-machen-die-vereine"],"_links":{"self":[{"href":"https:\/\/www.forum-soegel.de\/information\/wp-json\/wp\/v2\/posts\/19911","targetHints":{"allow":["GET"]}}],"collection":[{"href":"https:\/\/www.forum-soegel.de\/information\/wp-json\/wp\/v2\/posts"}],"about":[{"href":"https:\/\/www.forum-soegel.de\/information\/wp-json\/wp\/v2\/types\/post"}],"author":[{"embeddable":true,"href":"https:\/\/www.forum-soegel.de\/information\/wp-json\/wp\/v2\/users\/2"}],"replies":[{"embeddable":true,"href":"https:\/\/www.forum-soegel.de\/information\/wp-json\/wp\/v2\/comments?post=19911"}],"version-history":[{"count":1,"href":"https:\/\/www.forum-soegel.de\/information\/wp-json\/wp\/v2\/posts\/19911\/revisions"}],"predecessor-version":[{"id":19913,"href":"https:\/\/www.forum-soegel.de\/information\/wp-json\/wp\/v2\/posts\/19911\/revisions\/19913"}],"wp:attachment":[{"href":"https:\/\/www.forum-soegel.de\/information\/wp-json\/wp\/v2\/media?parent=19911"}],"wp:term":[{"taxonomy":"category","embeddable":true,"href":"https:\/\/www.forum-soegel.de\/information\/wp-json\/wp\/v2\/categories?post=19911"},{"taxonomy":"post_tag","embeddable":true,"href":"https:\/\/www.forum-soegel.de\/information\/wp-json\/wp\/v2\/tags?post=19911"}],"curies":[{"name":"wp","href":"https:\/\/api.w.org\/{rel}","templated":true}]}}