{"id":19905,"date":"2016-10-10T17:24:25","date_gmt":"2016-10-10T15:24:25","guid":{"rendered":"https:\/\/www.forum-soegel.de\/information\/?p=19905"},"modified":"2016-10-10T17:24:25","modified_gmt":"2016-10-10T15:24:25","slug":"heimatverein-sogel-mit-gelungener-veranstaltung-zum-plattdeutschen-jahr","status":"publish","type":"post","link":"https:\/\/www.forum-soegel.de\/information\/2016\/10\/heimatverein-sogel-mit-gelungener-veranstaltung-zum-plattdeutschen-jahr\/","title":{"rendered":"Heimatverein S\u00f6gel mit gelungener Veranstaltung zum plattdeutschen Jahr"},"content":{"rendered":"<p style=\"text-align: left;\" align=\"center\"><strong><em>\u201eUse moije Platt\u201c<\/em><\/strong><\/p>\n<p align=\"left\">S\u00f6gel &#8211; Das Heimathaus in S\u00f6gel war mit ann\u00e4hernd 150 interessierten \u201ePlattverstehern\u201c bis auf den letzten Platz besetzt, als Willi Masbaum als Vorsitzender des S\u00f6geler Heimatvereins die G\u00e4ste zum plattdeutschen \u00a0\u201eS\u00f6ndagn\u00f6mmedach\u201c begr\u00fc\u00dfte. In plattdeutscher Mundart f\u00fchrte er launisch durch das Nachmittagsprogramm, bei dem viele S\u00f6geler Originale und Gruppen des Heimatvereins unter der Regie von Ulla Schmees \u00a0zum \u00a0Motto \u201eUt de olde Tied\u201c \u00a0ihre tollen Beitr\u00e4ge zum Besten gaben. Mit Heinz Meiners stand der \u00a0\u201eH\u00fcmmelske Buur\u201c auf der B\u00fchne, der die typischen Charakterz\u00fcge der H\u00fcmmlinger Bauern beschrieb. Eine Gruppe von \u201eTautreckern\u201c zeigte als gemischter Chor mit Liedern wie \u00a0\u201eMit Kr\u00fcs un Ploag\u201c, dass sie von Adele Gerdes als Gr\u00fcnderin und Hedwig M\u00f6hlenkamp als jetzige Leiterin der Gruppe inzwischen das Plattsprechen gut beherrschte. Mit ihrem Sketch \u201eUse Jan-Bernd mutt up Brutseucke\u201c hatten Doris L\u00fcllmann und Gertrud Meiners die Lacher auf ihrer Seite. \u00a0Hans Hanekamp lie\u00df den alten Brauch des \u201eHochtiedsn\u00f6gers\u201c \u00a0wieder aufleben und lud &#8211; mit Anzug und Zylinder bekleidet und mit bunt geschm\u00fccktem Fahrrad und Handstock ausgestattet &#8211; \u00a0alle Besucher zur gro\u00dfen Bauernhochzeit ein. Passend zur Hochzeitsfeier spielten die Trecksackspeeler des Heimatvereins \u201eDe Hochtiedt is noch lange nich ut\u201c, \u00a0\u00a0und das Brautpaar zeigte sich in sch\u00f6ner Hochzeitstracht, wie sie vor 100 Jahren getragen wurde. Die Volkstanzgruppe des Heimatvereins um Klaus Kulkmann tanzte in ihrer sch\u00f6nen Sonntagstracht zum Hochzeitsfest und beeindruckte mit weiteren T\u00e4nzen in verschiedenen Trachten aus damaliger Zeit. Masbaum erw\u00e4hnte, dass die Volkstanzgruppe einst von der inzwischen 93-j\u00e4hrigen Grete Feldmann gegr\u00fcndet wurde, die er an diesem Nachmittag auch herzlich begr\u00fc\u00dfen konnte. Die Besucher erfuhren\u00a0 von Anni Wester, wie es war, wenn man fr\u00fcher \u201eup Visite\u201c \u00a0ging. \u00a0Hilde Bahlmann trat in sch\u00f6ner alter Sonntags-Tracht auf die B\u00fchne und trug eine heitere Geschichte vom \u201eBesoek ut de Stadt\u201c vor. Sie brachte aber auch zugleich die Besucher mit besinnlichen Texten wie \u201eDat mut ja nich immer wat kosten\u201c \u00a0\u00a0zum Nachdenken.<\/p>\n<p align=\"left\">Als echtes S\u00f6geler \u00b4Original\u00b4 begeisterte Adele Gerdes, wie in ihren Glanzzeiten beim S\u00f6geler Karneval, \u00a0mit lustigen D\u00f6nkes \u00fcber D\u00fct und Dat und \u201eHermann, wat ja min\u00b4Mann is\u201c. \u00a0Zwischendurch gab es Kaffee und Kuchen und \u00a0immer wieder unter stimmungsvoller Begleitung der Trecksackspeeler alte Volkslieder zum Mitsingen.<\/p>\n<p align=\"left\">Lenchen Bruns und Thekla Steinbild \u00fcberraschten derweil mit selbstgebackenen Neujahrskuchen, die sie unter den Besuchern verteilten. Die M\u00e4dchen Paula Lipport und Pauline Steinbild \u00a0kamen in Holzschuhen und festlichem Sonntagskleid \u00a0auf die B\u00fchne und brachten eine Tunschere mit dem Spruch: \u201eGl\u00fcck seggens nei Joahr\u201c. Willi Masbaum erkl\u00e4rte dazu die Bedeutung dieses\u00a0 alten emsl\u00e4ndischen Brauches. \u00a0Die heitere und unterhaltsame Veranstaltung fand ihren Ausklang mit dem gemeinsam gesungenen \u00a0\u201eS\u00f6geler Heimatlied\u201c.<\/p>\n<p align=\"left\">Lobende Worte fand Masbaum f\u00fcr die vielen flei\u00dfigen Helferinnen und Helfer hinter den Kulissen, aber auch f\u00fcr alle Mitwirkenden, die mit ihren tollen Beitr\u00e4gen den Nachmittag zu einem besonderen Erlebnis werden lie\u00dfen. \u00a0\u201eEs ist ein besonderes Anliegen des Heimatvereins, das Kulturgut \u201eplattdeutsche Sprache\u201c zu pflegen\u201c, betonte Masbaum und f\u00fcgte hinzu: \u201eF\u00fcr viele ist Plattdeutsch ein St\u00fcck Heimat, und es w\u00e4re schade, wenn die Sprache \u00a0irgendwann in Vergessenheit geraten w\u00fcrde. Deshalb \u00a0muss sie in die \u00d6ffentlichkeit gebracht werden.\u201c<\/p>\n<p align=\"left\">Text\/Foto: Gisela Arling<\/p>\n<p align=\"left\"><a href=\"https:\/\/www.forum-soegel.de\/information\/wp-content\/uploads\/2016\/10\/Heimatverein-S\u00f6gel-mit-gelungener-Veranstaltung-zum-Plattdeutschen-Jahr-\u201eUse-moije-Platt\u201c1.jpg\"><img loading=\"lazy\" decoding=\"async\" class=\"alignnone size-thumbnail wp-image-19906\" title=\"Heimatverein S\u00f6gel mit gelungener Veranstaltung zum Plattdeutschen Jahr \u201eUse moije Platt\u201c1\" src=\"https:\/\/www.forum-soegel.de\/information\/wp-content\/uploads\/2016\/10\/Heimatverein-S\u00f6gel-mit-gelungener-Veranstaltung-zum-Plattdeutschen-Jahr-\u201eUse-moije-Platt\u201c1-150x150.jpg\" alt=\"\" width=\"150\" height=\"150\" \/><\/a>\u00a0\u00a0<a href=\"https:\/\/www.forum-soegel.de\/information\/wp-content\/uploads\/2016\/10\/Heimatverein-S\u00f6gel-mit-gelungener-Veranstaltung-zum-Plattdeutschen-Jahr-\u201eUse-moije-Platt\u201c2.jpg\"><img loading=\"lazy\" decoding=\"async\" class=\"alignnone size-thumbnail wp-image-19907\" title=\"Heimatverein S\u00f6gel mit gelungener Veranstaltung zum Plattdeutschen Jahr \u201eUse moije Platt\u201c2\" src=\"https:\/\/www.forum-soegel.de\/information\/wp-content\/uploads\/2016\/10\/Heimatverein-S\u00f6gel-mit-gelungener-Veranstaltung-zum-Plattdeutschen-Jahr-\u201eUse-moije-Platt\u201c2-150x150.jpg\" alt=\"\" width=\"150\" height=\"150\" \/><\/a><\/p>\n<p align=\"left\"><a href=\"https:\/\/www.forum-soegel.de\/information\/wp-content\/uploads\/2016\/10\/Heimatverein-S\u00f6gel-mit-gelungener-Veranstaltung-zum-Plattdeutschen-Jahr-\u201eUse-moije-Platt\u201c3.jpg\"><img loading=\"lazy\" decoding=\"async\" class=\"alignnone size-thumbnail wp-image-19908\" title=\"Heimatverein S\u00f6gel mit gelungener Veranstaltung zum Plattdeutschen Jahr \u201eUse moije Platt\u201c3\" src=\"https:\/\/www.forum-soegel.de\/information\/wp-content\/uploads\/2016\/10\/Heimatverein-S\u00f6gel-mit-gelungener-Veranstaltung-zum-Plattdeutschen-Jahr-\u201eUse-moije-Platt\u201c3-150x150.jpg\" alt=\"\" width=\"150\" height=\"150\" \/><\/a>\u00a0\u00a0<a href=\"https:\/\/www.forum-soegel.de\/information\/wp-content\/uploads\/2016\/10\/Heimatverein-S\u00f6gel-mit-gelungener-Veranstaltung-zum-Plattdeutschen-Jahr-\u201eUse-moije-Platt\u201c4.jpg\"><img loading=\"lazy\" decoding=\"async\" class=\"alignnone size-thumbnail wp-image-19909\" title=\"Heimatverein S\u00f6gel mit gelungener Veranstaltung zum Plattdeutschen Jahr \u201eUse moije Platt\u201c4\" src=\"https:\/\/www.forum-soegel.de\/information\/wp-content\/uploads\/2016\/10\/Heimatverein-S\u00f6gel-mit-gelungener-Veranstaltung-zum-Plattdeutschen-Jahr-\u201eUse-moije-Platt\u201c4-150x150.jpg\" alt=\"\" width=\"150\" height=\"150\" \/><\/a><\/p>\n","protected":false},"excerpt":{"rendered":"\u201eUse moije Platt\u201c S\u00f6gel &#8211; Das Heimathaus in S\u00f6gel war mit ann\u00e4hernd 150 interessierten \u201ePlattverstehern\u201c bis auf den letzten Platz besetzt, als Willi Masbaum als Vorsitzender des S\u00f6geler Heimatvereins die G\u00e4ste zum plattdeutschen \u00a0\u201eS\u00f6ndagn\u00f6mmedach\u201c begr\u00fc\u00dfte. In plattdeutscher Mundart f\u00fchrte er launisch durch das Nachmittagsprogramm, bei dem viele S\u00f6geler Originale und Gruppen des Heimatvereins unter der [&hellip;]\n","protected":false},"author":2,"featured_media":0,"comment_status":"closed","ping_status":"closed","sticky":false,"template":"","format":"standard","meta":{"ngg_post_thumbnail":0,"footnotes":""},"categories":[5],"tags":[],"class_list":["post-19905","post","type-post","status-publish","format-standard","hentry","category-was-machen-die-vereine"],"_links":{"self":[{"href":"https:\/\/www.forum-soegel.de\/information\/wp-json\/wp\/v2\/posts\/19905","targetHints":{"allow":["GET"]}}],"collection":[{"href":"https:\/\/www.forum-soegel.de\/information\/wp-json\/wp\/v2\/posts"}],"about":[{"href":"https:\/\/www.forum-soegel.de\/information\/wp-json\/wp\/v2\/types\/post"}],"author":[{"embeddable":true,"href":"https:\/\/www.forum-soegel.de\/information\/wp-json\/wp\/v2\/users\/2"}],"replies":[{"embeddable":true,"href":"https:\/\/www.forum-soegel.de\/information\/wp-json\/wp\/v2\/comments?post=19905"}],"version-history":[{"count":1,"href":"https:\/\/www.forum-soegel.de\/information\/wp-json\/wp\/v2\/posts\/19905\/revisions"}],"predecessor-version":[{"id":19910,"href":"https:\/\/www.forum-soegel.de\/information\/wp-json\/wp\/v2\/posts\/19905\/revisions\/19910"}],"wp:attachment":[{"href":"https:\/\/www.forum-soegel.de\/information\/wp-json\/wp\/v2\/media?parent=19905"}],"wp:term":[{"taxonomy":"category","embeddable":true,"href":"https:\/\/www.forum-soegel.de\/information\/wp-json\/wp\/v2\/categories?post=19905"},{"taxonomy":"post_tag","embeddable":true,"href":"https:\/\/www.forum-soegel.de\/information\/wp-json\/wp\/v2\/tags?post=19905"}],"curies":[{"name":"wp","href":"https:\/\/api.w.org\/{rel}","templated":true}]}}