{"id":19901,"date":"2016-10-10T17:21:30","date_gmt":"2016-10-10T15:21:30","guid":{"rendered":"https:\/\/www.forum-soegel.de\/information\/?p=19901"},"modified":"2016-10-10T17:21:30","modified_gmt":"2016-10-10T15:21:30","slug":"familientag-des-sv-stavern-mit-gutem-erfolg","status":"publish","type":"post","link":"https:\/\/www.forum-soegel.de\/information\/2016\/10\/familientag-des-sv-stavern-mit-gutem-erfolg\/","title":{"rendered":"Familientag des SV Stavern mit gutem Erfolg"},"content":{"rendered":"<p>Stavern &#8211; Erstmals in der Vereinsgeschichte des SV Stavern wurden der Wandertag und das Dorfpokalturnier an einem Tag durchgef\u00fchrt. Terminliche \u00dcberschneidungen machten diese Konstellation erst m\u00f6glich. Der Familientag fand bei bestem Wetter auf dem Sportgel\u00e4nde in Gro\u00df Stavern statt.<\/p>\n<p>Zum 33ten Mal in Folge wurde der Wandertag durchgef\u00fchrt. Die Verantwortlichen des Vereins konnten \u00fcber 50 Wanderer begr\u00fc\u00dfen. Die ca. 5 km lange Strecke f\u00fchrte die Teilnehmer bei sehr gutem Wanderwetter durch das Waldgebiet am &#8222;Alten S\u00f6geler Weg&#8220;. Start und Ziel waren der Sportpark in Gro\u00df Stavern. Hier\u00a0 fand zeitgleich das traditionelle Dorfpokalturnier statt. In zwei Gruppen spielten jeweils drei Mannschaften den Gruppensieger aus. Im Endspiel standen sich die Gruppenersten &#8222;Steinerberg&#8220; und &#8222;Blumensiedlung&#8220; gegen\u00fcber. Die Mannschaft &#8222;Blumensiedlung&#8220; konnte das Spiel gewinnen und den Wanderpokal entgegen nehmen. Im Elfmeterschie\u00dfen um Platz drei siegte die Mannschaft &#8222;Ro\u00dfbrink&#8220;\u00a0 gegen die der &#8222;Baumsiedlung&#8220;. Vor dem Endspiel fanden Elfmeterschie\u00dfen f\u00fcr Jedermann statt. Im Jugendbereich siegte Luis Schulte vor Erik Wester und Leon Keuter. Bei den Senioren gewann Ludger Schuckenbrock vor Marcel Wester und Stefan Schuckenbrock.<\/p>\n<p>Im Rahmen der Pokal\u00fcbergabe im Fu\u00dfballbereich fand auch die Ehrung der Teilnehmer des Wandertages statt. Einen Pokal erhielten jeweils die gr\u00f6\u00dfte teilnehmenden Gruppe, &#8222;Sonnenschein&#8220; mit 17 Teilnehmern, und der \u00e4lteste Teilnehmer,\u00a0 der 64j\u00e4hrige Heinrich G\u00f6ken. H. G\u00f6ken hat bis auf einen krankheitsbedingten Ausfall alle Wandertage des Vereins seit 1984 mitgemacht. Eine beachtliche Leistung.<\/p>\n<p>Text\/Foto: Gerd Rode<\/p>\n<div id=\"attachment_19902\" style=\"width: 310px\" class=\"wp-caption alignnone\"><a href=\"https:\/\/www.forum-soegel.de\/information\/wp-content\/uploads\/2016\/10\/Familientag-des-SV-Stavern-mit-gutem-Erfolg1.jpg\"><img loading=\"lazy\" decoding=\"async\" aria-describedby=\"caption-attachment-19902\" class=\"size-medium wp-image-19902\" title=\"Familientag des SV Stavern mit gutem Erfolg1\" src=\"https:\/\/www.forum-soegel.de\/information\/wp-content\/uploads\/2016\/10\/Familientag-des-SV-Stavern-mit-gutem-Erfolg1-300x197.jpg\" alt=\"\" width=\"300\" height=\"197\" srcset=\"https:\/\/www.forum-soegel.de\/information\/wp-content\/uploads\/2016\/10\/Familientag-des-SV-Stavern-mit-gutem-Erfolg1-300x197.jpg 300w, https:\/\/www.forum-soegel.de\/information\/wp-content\/uploads\/2016\/10\/Familientag-des-SV-Stavern-mit-gutem-Erfolg1.jpg 1024w\" sizes=\"auto, (max-width: 300px) 100vw, 300px\" \/><\/a><p id=\"caption-attachment-19902\" class=\"wp-caption-text\">Pokal\u00fcbergabe Wandertag mit der Gruppe Sonnenschein und H. G\u00f6ken<\/p><\/div>\n<div id=\"attachment_19903\" style=\"width: 310px\" class=\"wp-caption alignnone\"><a href=\"https:\/\/www.forum-soegel.de\/information\/wp-content\/uploads\/2016\/10\/Familientag-des-SV-Stavern-mit-gutem-Erfolg2.jpg\"><img loading=\"lazy\" decoding=\"async\" aria-describedby=\"caption-attachment-19903\" class=\"size-medium wp-image-19903\" title=\"Familientag des SV Stavern mit gutem Erfolg2\" src=\"https:\/\/www.forum-soegel.de\/information\/wp-content\/uploads\/2016\/10\/Familientag-des-SV-Stavern-mit-gutem-Erfolg2-300x130.jpg\" alt=\"\" width=\"300\" height=\"130\" srcset=\"https:\/\/www.forum-soegel.de\/information\/wp-content\/uploads\/2016\/10\/Familientag-des-SV-Stavern-mit-gutem-Erfolg2-300x130.jpg 300w, https:\/\/www.forum-soegel.de\/information\/wp-content\/uploads\/2016\/10\/Familientag-des-SV-Stavern-mit-gutem-Erfolg2.jpg 1024w\" sizes=\"auto, (max-width: 300px) 100vw, 300px\" \/><\/a><p id=\"caption-attachment-19903\" class=\"wp-caption-text\">Die beiden Finallisten Blumensiedlung und Steinerberg<\/p><\/div>\n","protected":false},"excerpt":{"rendered":"Stavern &#8211; Erstmals in der Vereinsgeschichte des SV Stavern wurden der Wandertag und das Dorfpokalturnier an einem Tag durchgef\u00fchrt. Terminliche \u00dcberschneidungen machten diese Konstellation erst m\u00f6glich. Der Familientag fand bei bestem Wetter auf dem Sportgel\u00e4nde in Gro\u00df Stavern statt. Zum 33ten Mal in Folge wurde der Wandertag durchgef\u00fchrt. Die Verantwortlichen des Vereins konnten \u00fcber 50 [&hellip;]\n","protected":false},"author":2,"featured_media":0,"comment_status":"closed","ping_status":"closed","sticky":false,"template":"","format":"standard","meta":{"ngg_post_thumbnail":0,"footnotes":""},"categories":[5],"tags":[],"class_list":["post-19901","post","type-post","status-publish","format-standard","hentry","category-was-machen-die-vereine"],"_links":{"self":[{"href":"https:\/\/www.forum-soegel.de\/information\/wp-json\/wp\/v2\/posts\/19901","targetHints":{"allow":["GET"]}}],"collection":[{"href":"https:\/\/www.forum-soegel.de\/information\/wp-json\/wp\/v2\/posts"}],"about":[{"href":"https:\/\/www.forum-soegel.de\/information\/wp-json\/wp\/v2\/types\/post"}],"author":[{"embeddable":true,"href":"https:\/\/www.forum-soegel.de\/information\/wp-json\/wp\/v2\/users\/2"}],"replies":[{"embeddable":true,"href":"https:\/\/www.forum-soegel.de\/information\/wp-json\/wp\/v2\/comments?post=19901"}],"version-history":[{"count":1,"href":"https:\/\/www.forum-soegel.de\/information\/wp-json\/wp\/v2\/posts\/19901\/revisions"}],"predecessor-version":[{"id":19904,"href":"https:\/\/www.forum-soegel.de\/information\/wp-json\/wp\/v2\/posts\/19901\/revisions\/19904"}],"wp:attachment":[{"href":"https:\/\/www.forum-soegel.de\/information\/wp-json\/wp\/v2\/media?parent=19901"}],"wp:term":[{"taxonomy":"category","embeddable":true,"href":"https:\/\/www.forum-soegel.de\/information\/wp-json\/wp\/v2\/categories?post=19901"},{"taxonomy":"post_tag","embeddable":true,"href":"https:\/\/www.forum-soegel.de\/information\/wp-json\/wp\/v2\/tags?post=19901"}],"curies":[{"name":"wp","href":"https:\/\/api.w.org\/{rel}","templated":true}]}}