{"id":19899,"date":"2016-10-10T17:19:34","date_gmt":"2016-10-10T15:19:34","guid":{"rendered":"https:\/\/www.forum-soegel.de\/information\/?p=19899"},"modified":"2016-10-10T17:19:34","modified_gmt":"2016-10-10T15:19:34","slug":"einladung-zu-einem-ausflug-nach-worpswede","status":"publish","type":"post","link":"https:\/\/www.forum-soegel.de\/information\/2016\/10\/einladung-zu-einem-ausflug-nach-worpswede\/","title":{"rendered":"Einladung zu einem Ausflug nach Worpswede"},"content":{"rendered":"<p>S\u00f6gel &#8211; Das Forum S\u00f6gel e. V. f\u00fchrt j\u00e4hrlich eine Mitgliederfahrt durch. Auch Freunde\/Freundinnen des Forums, die nicht Mitglieder sind, laden wir herzlich zur Teilnahme ein. Die diesj\u00e4hrige Fahrt f\u00fchrt am Sonntag, dem 9. 10 2016, nach Worpswede. Abfahrt um 10.00 Uhr an der Geschichts- und Zukunftswerkstatt des Forums in S\u00f6gel, Sigiltrastr. 10a. Ankunft in Worpswede ab 12.00 Uhr, dort bis 13.45 Uhr Gelegenheit zum Mittagessen, zuvor plattdeutsche Information durch einen MTKK (Moor-Torf-Kahn-Kapit\u00e4n), 14.00 bis 16.30 Uhr F\u00fchrung durch den Ort mit Kaffee-\/Tee und Kuchenpause, Besuch der R\u00f6ttger-Ausstellung, bis 17.45 Uhr Gelegenheit zum Besuch von Galerien und L\u00e4den, 18.00 Uhr R\u00fcckfahrt nach S\u00f6gel.\u00a0 Der Beitrag pro Person macht 20,- \u20ac aus. Das\u00a0 Mittagessen muss selbst bezahlt werden. Eine Speisekarte wird im Bus rundgereicht.<\/p>\n<p>Anmeldung bitte an Forum S\u00f6gel e. V., Im T\u00fcnneken 15, 49751 S\u00f6gel oder per Email an <a href=\"mailto:Forum-Soegel-eV@ewetel.net\">Forum-Soegel-eV@ewetel.net<\/a> oder telefonisch 05952\/1238. &#8211; Das Forum w\u00fcrde sich \u00fcber Ihre Teilnahme freuen.<\/p>\n<p>Text: Forum S\u00f6gel<\/p>\n<p>&nbsp;<\/p>\n","protected":false},"excerpt":{"rendered":"S\u00f6gel &#8211; Das Forum S\u00f6gel e. V. f\u00fchrt j\u00e4hrlich eine Mitgliederfahrt durch. Auch Freunde\/Freundinnen des Forums, die nicht Mitglieder sind, laden wir herzlich zur Teilnahme ein. Die diesj\u00e4hrige Fahrt f\u00fchrt am Sonntag, dem 9. 10 2016, nach Worpswede. Abfahrt um 10.00 Uhr an der Geschichts- und Zukunftswerkstatt des Forums in S\u00f6gel, Sigiltrastr. 10a. Ankunft in [&hellip;]\n","protected":false},"author":2,"featured_media":0,"comment_status":"closed","ping_status":"closed","sticky":false,"template":"","format":"standard","meta":{"ngg_post_thumbnail":0,"footnotes":""},"categories":[5],"tags":[],"class_list":["post-19899","post","type-post","status-publish","format-standard","hentry","category-was-machen-die-vereine"],"_links":{"self":[{"href":"https:\/\/www.forum-soegel.de\/information\/wp-json\/wp\/v2\/posts\/19899","targetHints":{"allow":["GET"]}}],"collection":[{"href":"https:\/\/www.forum-soegel.de\/information\/wp-json\/wp\/v2\/posts"}],"about":[{"href":"https:\/\/www.forum-soegel.de\/information\/wp-json\/wp\/v2\/types\/post"}],"author":[{"embeddable":true,"href":"https:\/\/www.forum-soegel.de\/information\/wp-json\/wp\/v2\/users\/2"}],"replies":[{"embeddable":true,"href":"https:\/\/www.forum-soegel.de\/information\/wp-json\/wp\/v2\/comments?post=19899"}],"version-history":[{"count":1,"href":"https:\/\/www.forum-soegel.de\/information\/wp-json\/wp\/v2\/posts\/19899\/revisions"}],"predecessor-version":[{"id":19900,"href":"https:\/\/www.forum-soegel.de\/information\/wp-json\/wp\/v2\/posts\/19899\/revisions\/19900"}],"wp:attachment":[{"href":"https:\/\/www.forum-soegel.de\/information\/wp-json\/wp\/v2\/media?parent=19899"}],"wp:term":[{"taxonomy":"category","embeddable":true,"href":"https:\/\/www.forum-soegel.de\/information\/wp-json\/wp\/v2\/categories?post=19899"},{"taxonomy":"post_tag","embeddable":true,"href":"https:\/\/www.forum-soegel.de\/information\/wp-json\/wp\/v2\/tags?post=19899"}],"curies":[{"name":"wp","href":"https:\/\/api.w.org\/{rel}","templated":true}]}}