{"id":19896,"date":"2016-10-10T17:18:02","date_gmt":"2016-10-10T15:18:02","guid":{"rendered":"https:\/\/www.forum-soegel.de\/information\/?p=19896"},"modified":"2016-10-10T17:18:02","modified_gmt":"2016-10-10T15:18:02","slug":"besuch-der-kolpingskapelle-sogel-im-forum-sogel","status":"publish","type":"post","link":"https:\/\/www.forum-soegel.de\/information\/2016\/10\/besuch-der-kolpingskapelle-sogel-im-forum-sogel\/","title":{"rendered":"Besuch der Kolpingskapelle S\u00f6gel im Forum S\u00f6gel"},"content":{"rendered":"<p>S\u00f6gel &#8211; Im Rahmen\u00a0 eines Familientages besuchte eine 20-k\u00f6pfige Gruppe der Kolpingskapelle S\u00f6gel\u00a0 das Forum S\u00f6gel. \u00a0\u00a0Der Vorsitzende des Vereins, Bernd Eggert, \u00a0f\u00fchrte die Besucher zun\u00e4chst in die Arbeit und Ziele der Geschichts-, und Zukunftswerkstatt ein und verwies dabei auf ein Zitat von Altbundespr\u00e4sident K\u00f6hler \u201e Nur wer die Geschichte kennt, kann die Gegenwart und die Zukunft gestalten\u201c. \u00a0\u00a0Er berichtete, dass zu \u00a0den Aktivit\u00e4ten des Forums \u00a0u.a.\u00a0 \u00a0F\u00fchrungen, Veranstaltungen, der Betrieb der Geschichtswerkstatt, die Gestaltung und die \u00a0kostenlose monatliche Auslieferung der Brosch\u00fcre \u201eInformationen f\u00fcr S\u00f6gel und Umgebung\u201c (IfS) an alle Haushalte der Samtgemeinde sowie \u00a0\u00a0Ausstellungen,\u00a0 Kontakte mit der niederl\u00e4ndischen Partnergemeinde Norg und \u00a0der Europ\u00e4ische Geschichtsweg \u00a0z\u00e4hlen.\u00a0 Eggert erw\u00e4hnte mit Stolz die Ehrung des Forums im letzten Jahr\u00a0 mit dem Preis der Emsl\u00e4ndischen Landschaft als einziger Verein.<\/p>\n<p>In der Werkstatt wird die geschichtliche Aufarbeitung von 1797 \u2013 1945 pr\u00e4sentiert, wobei in drei Teilabschnitten vorgegangen wurde: \u00a0\u00a0Kaiserzeit bis 1918, Weimarer Republik bis 1933, sog. Drittes Reich bis 1945 mit den \u00a0Schwerpunktthemen \u00a0politische Situation, Arbeit und Wirtschaft, Landschaft und Lebensumfeld, Bauen und Wohnen sowie Katastrophen.\u00a0 Zurzeit arbeiten viele ehrenamtliche Helfer an der Fortf\u00fchrung der Geschichts- und Zukunftswerkstatt von 1945 bis in die Jetztzeit.<\/p>\n<p>Heiner Wellenbrock, Gerlinde Lammers, Bernd Eggert und Hermann Wichmann vom Forum-Team erkl\u00e4rten den Besuchern beim Rundgang durch die Werkstatt die\u00a0 Anschauungstafeln sowie die \u00a0Bildschirm-, und Aktivstationen, \u00a0mit denen\u00a0 dem Besucher ein lebendiges, anschauliches Bild der Geschichte vermittelt wird. Dabei werden\u00a0 inzwischen modernste, museumsp\u00e4dagogische Mittel eingesetzt. \u00a0\u201eDurch die Funktion als au\u00dferschulischer Lernort werden besonders die jungen Leute angesprochen.\u00a0 Das Forum hat es sich zur Aufgabe gemacht, Heimatgeschichte an junge Leute heranzubringen und Geschichte erlebbar zu machen\u201c, sagte Heiner Wellenbrock und\u00a0 Gerlinde Lammers f\u00fcgte hinzu: \u00a0\u201eSchon Kindergartenkinder werden mit einbezogen und lernen an verschiedenen Aktionsstationen beispielsweise zum Thema\u00a0 \u00b4Boden \u2013 B\u00e4ume \u2013 Wald`, wie sich der Waldbestand im Laufe der Zeit auf dem H\u00fcmmling ver\u00e4ndert hat \u00a0und wie man neue W\u00e4lder auf dem sandigen Boden anpflanzte, wobei immer das Sehen und F\u00fchlen im Mittelpunkt stehen.\u201c\u00a0\u00a0 Hermann Wichmann teilte den Besuchern mit, das Forum habe \u00a050 000 Fotos des fr\u00fcheren Fotografen Werner Holtmann erwerben k\u00f6nnen, \u00a0die nun chronologisch aufgearbeitet und digitalisiert werden.<\/p>\n<p>\u201eWir m\u00fcssen wissen, wie es zur Menschenverachtung im Dritten Reich, zum Zweiten Weltkrieg und zum Dritten Reich selbst kam, damit wir damit umgehen und es besser machen k\u00f6nnen\u201c, sagte Bernd Eggert.\u00a0 \u201e Wenn wir die Vergangenheit kennen, k\u00f6nnen wir die Gegenwart besser verstehen und haben die Chance, die Zukunft aufgekl\u00e4rt und menschlich zu gestalten. Genau\u00a0 das ist ein Hauptzielt der Geschichts- und Zukunftswerkstatt\u201c, f\u00fcgte Heiner Wellenbrock hinzu.<\/p>\n<p>Zum Schluss \u00fcberraschte Hermann Wichmann die Musiker noch mit der Pr\u00e4sentation einiger alter Fotos von den Anf\u00e4ngen der Kolpingskapelle S\u00f6gel. \u00a0Alfons\u00a0 Arling bedankte sich im Namen aller Besucher f\u00fcr den interessanten\u00a0 Einblick in die Themenwelt der Geschichtswerkstatt und k\u00fcndigte bereits einen erneuten Besuch an, sobald der neue Teilabschnitt fertiggestellt sei.<\/p>\n<p>Text\/Foto: Gisela Arling<\/p>\n<p><a href=\"https:\/\/www.forum-soegel.de\/information\/wp-content\/uploads\/2016\/10\/Besuch-der-Kolpingkapelle-S\u00f6gel-im-Forum-S\u00f6gel.jpg\"><img loading=\"lazy\" decoding=\"async\" class=\"alignnone size-medium wp-image-19897\" title=\"Besuch der Kolpingkapelle S\u00f6gel im Forum S\u00f6gel\" src=\"https:\/\/www.forum-soegel.de\/information\/wp-content\/uploads\/2016\/10\/Besuch-der-Kolpingkapelle-S\u00f6gel-im-Forum-S\u00f6gel-300x191.jpg\" alt=\"\" width=\"300\" height=\"191\" srcset=\"https:\/\/www.forum-soegel.de\/information\/wp-content\/uploads\/2016\/10\/Besuch-der-Kolpingkapelle-S\u00f6gel-im-Forum-S\u00f6gel-300x191.jpg 300w, https:\/\/www.forum-soegel.de\/information\/wp-content\/uploads\/2016\/10\/Besuch-der-Kolpingkapelle-S\u00f6gel-im-Forum-S\u00f6gel.jpg 1024w\" sizes=\"auto, (max-width: 300px) 100vw, 300px\" \/><\/a><\/p>\n","protected":false},"excerpt":{"rendered":"S\u00f6gel &#8211; Im Rahmen\u00a0 eines Familientages besuchte eine 20-k\u00f6pfige Gruppe der Kolpingskapelle S\u00f6gel\u00a0 das Forum S\u00f6gel. \u00a0\u00a0Der Vorsitzende des Vereins, Bernd Eggert, \u00a0f\u00fchrte die Besucher zun\u00e4chst in die Arbeit und Ziele der Geschichts-, und Zukunftswerkstatt ein und verwies dabei auf ein Zitat von Altbundespr\u00e4sident K\u00f6hler \u201e Nur wer die Geschichte kennt, kann die Gegenwart und [&hellip;]\n","protected":false},"author":2,"featured_media":0,"comment_status":"closed","ping_status":"closed","sticky":false,"template":"","format":"standard","meta":{"ngg_post_thumbnail":0,"footnotes":""},"categories":[5],"tags":[],"class_list":["post-19896","post","type-post","status-publish","format-standard","hentry","category-was-machen-die-vereine"],"_links":{"self":[{"href":"https:\/\/www.forum-soegel.de\/information\/wp-json\/wp\/v2\/posts\/19896","targetHints":{"allow":["GET"]}}],"collection":[{"href":"https:\/\/www.forum-soegel.de\/information\/wp-json\/wp\/v2\/posts"}],"about":[{"href":"https:\/\/www.forum-soegel.de\/information\/wp-json\/wp\/v2\/types\/post"}],"author":[{"embeddable":true,"href":"https:\/\/www.forum-soegel.de\/information\/wp-json\/wp\/v2\/users\/2"}],"replies":[{"embeddable":true,"href":"https:\/\/www.forum-soegel.de\/information\/wp-json\/wp\/v2\/comments?post=19896"}],"version-history":[{"count":1,"href":"https:\/\/www.forum-soegel.de\/information\/wp-json\/wp\/v2\/posts\/19896\/revisions"}],"predecessor-version":[{"id":19898,"href":"https:\/\/www.forum-soegel.de\/information\/wp-json\/wp\/v2\/posts\/19896\/revisions\/19898"}],"wp:attachment":[{"href":"https:\/\/www.forum-soegel.de\/information\/wp-json\/wp\/v2\/media?parent=19896"}],"wp:term":[{"taxonomy":"category","embeddable":true,"href":"https:\/\/www.forum-soegel.de\/information\/wp-json\/wp\/v2\/categories?post=19896"},{"taxonomy":"post_tag","embeddable":true,"href":"https:\/\/www.forum-soegel.de\/information\/wp-json\/wp\/v2\/tags?post=19896"}],"curies":[{"name":"wp","href":"https:\/\/api.w.org\/{rel}","templated":true}]}}