{"id":19893,"date":"2016-10-10T17:12:10","date_gmt":"2016-10-10T15:12:10","guid":{"rendered":"https:\/\/www.forum-soegel.de\/information\/?p=19893"},"modified":"2016-10-10T17:12:10","modified_gmt":"2016-10-10T15:12:10","slug":"raiffeisenbank-emsland-mitte-eg-verabschiedet-anni-duttmann-in-werpeloh","status":"publish","type":"post","link":"https:\/\/www.forum-soegel.de\/information\/2016\/10\/raiffeisenbank-emsland-mitte-eg-verabschiedet-anni-duttmann-in-werpeloh\/","title":{"rendered":"Raiffeisenbank Emsland-Mitte eG verabschiedet Anni D\u00fcttmann in Werpeloh"},"content":{"rendered":"<p>Werpeloh &#8211; Anni D\u00fcttmann, Bankmitarbeiterin der Gesch\u00e4ftsstelle in Werpeloh, wurde am 31.08.2016 von den Vorst\u00e4nden Hans Wolken und Dieter Wessels verabschiedet. Nach 47 Jahren im Berufsleben geht Anni D\u00fcttmann in den wohlverdienten Ruhestand.<\/p>\n<p>Sie begann am 01.08.1969 ihre Ausbildung als Bankkauffrau bei der damaligen Raiffeisenkasse Werpeloh. Abgesehen von einer zweij\u00e4hrigen Unterbrechung war Anni D\u00fcttmann stets in ihrer Heimatgemeinde Werpeloh t\u00e4tig. Die Raiffeisenbank und ihre Kunden haben Anni D\u00fcttmann immer als zuverl\u00e4ssige und kompetente Kundenbetreuerin gesch\u00e4tzt.<\/p>\n<p>F\u00fcr ihren vorbildlichen langj\u00e4hrigen Einsatz sprachen die Vorst\u00e4nde, Kolleginnen und Kollegen Anni D\u00fcttmann ihren au\u00dferordentlichen Dank aus und w\u00fcnschten ihr f\u00fcr den Ruhestand Gesundheit und alles Gute!<\/p>\n<p>Text\/Foto: Patrick Engeln<\/p>\n<div id=\"attachment_19894\" style=\"width: 310px\" class=\"wp-caption alignnone\"><a href=\"https:\/\/www.forum-soegel.de\/information\/wp-content\/uploads\/2016\/10\/Raiffeisenbank-Emsland-Mitte-eG-verabschiedet-Anni-D\u00fcttmann-in-Werpeloh.jpg\"><img loading=\"lazy\" decoding=\"async\" aria-describedby=\"caption-attachment-19894\" class=\"size-medium wp-image-19894\" title=\"Raiffeisenbank Emsland-Mitte eG verabschiedet Anni D\u00fcttmann in Werpeloh\" src=\"https:\/\/www.forum-soegel.de\/information\/wp-content\/uploads\/2016\/10\/Raiffeisenbank-Emsland-Mitte-eG-verabschiedet-Anni-D\u00fcttmann-in-Werpeloh-300x217.jpg\" alt=\"\" width=\"300\" height=\"217\" srcset=\"https:\/\/www.forum-soegel.de\/information\/wp-content\/uploads\/2016\/10\/Raiffeisenbank-Emsland-Mitte-eG-verabschiedet-Anni-D\u00fcttmann-in-Werpeloh-300x217.jpg 300w, https:\/\/www.forum-soegel.de\/information\/wp-content\/uploads\/2016\/10\/Raiffeisenbank-Emsland-Mitte-eG-verabschiedet-Anni-D\u00fcttmann-in-Werpeloh.jpg 1024w\" sizes=\"auto, (max-width: 300px) 100vw, 300px\" \/><\/a><p id=\"caption-attachment-19894\" class=\"wp-caption-text\">v.l. Heiner Hackmann, Hans Wolken, Anni D\u00fcttmann, Jens Kampling, Dieter Wessels<\/p><\/div>\n","protected":false},"excerpt":{"rendered":"Werpeloh &#8211; Anni D\u00fcttmann, Bankmitarbeiterin der Gesch\u00e4ftsstelle in Werpeloh, wurde am 31.08.2016 von den Vorst\u00e4nden Hans Wolken und Dieter Wessels verabschiedet. Nach 47 Jahren im Berufsleben geht Anni D\u00fcttmann in den wohlverdienten Ruhestand. Sie begann am 01.08.1969 ihre Ausbildung als Bankkauffrau bei der damaligen Raiffeisenkasse Werpeloh. Abgesehen von einer zweij\u00e4hrigen Unterbrechung war Anni D\u00fcttmann stets [&hellip;]\n","protected":false},"author":2,"featured_media":0,"comment_status":"closed","ping_status":"closed","sticky":false,"template":"","format":"standard","meta":{"ngg_post_thumbnail":0,"footnotes":""},"categories":[4],"tags":[],"class_list":["post-19893","post","type-post","status-publish","format-standard","hentry","category-aus-der-geschaftswelt"],"_links":{"self":[{"href":"https:\/\/www.forum-soegel.de\/information\/wp-json\/wp\/v2\/posts\/19893","targetHints":{"allow":["GET"]}}],"collection":[{"href":"https:\/\/www.forum-soegel.de\/information\/wp-json\/wp\/v2\/posts"}],"about":[{"href":"https:\/\/www.forum-soegel.de\/information\/wp-json\/wp\/v2\/types\/post"}],"author":[{"embeddable":true,"href":"https:\/\/www.forum-soegel.de\/information\/wp-json\/wp\/v2\/users\/2"}],"replies":[{"embeddable":true,"href":"https:\/\/www.forum-soegel.de\/information\/wp-json\/wp\/v2\/comments?post=19893"}],"version-history":[{"count":1,"href":"https:\/\/www.forum-soegel.de\/information\/wp-json\/wp\/v2\/posts\/19893\/revisions"}],"predecessor-version":[{"id":19895,"href":"https:\/\/www.forum-soegel.de\/information\/wp-json\/wp\/v2\/posts\/19893\/revisions\/19895"}],"wp:attachment":[{"href":"https:\/\/www.forum-soegel.de\/information\/wp-json\/wp\/v2\/media?parent=19893"}],"wp:term":[{"taxonomy":"category","embeddable":true,"href":"https:\/\/www.forum-soegel.de\/information\/wp-json\/wp\/v2\/categories?post=19893"},{"taxonomy":"post_tag","embeddable":true,"href":"https:\/\/www.forum-soegel.de\/information\/wp-json\/wp\/v2\/tags?post=19893"}],"curies":[{"name":"wp","href":"https:\/\/api.w.org\/{rel}","templated":true}]}}