{"id":19889,"date":"2016-10-10T17:10:22","date_gmt":"2016-10-10T15:10:22","guid":{"rendered":"https:\/\/www.forum-soegel.de\/information\/?p=19889"},"modified":"2016-10-10T17:10:22","modified_gmt":"2016-10-10T15:10:22","slug":"%e2%80%9esogeler-kita-arche-noah-steht-fur-qualitat%e2%80%9c","status":"publish","type":"post","link":"https:\/\/www.forum-soegel.de\/information\/2016\/10\/%e2%80%9esogeler-kita-arche-noah-steht-fur-qualitat%e2%80%9c\/","title":{"rendered":"\u201eS\u00f6geler Kita Arche Noah steht f\u00fcr Qualit\u00e4t\u201c"},"content":{"rendered":"<p><a href=\"https:\/\/www.forum-soegel.de\/information\/wp-content\/uploads\/2016\/10\/S\u00f6geler-Kita-Arche-Noah-steht-f\u00fcr-Qualit\u00e4t2.jpg\"><img loading=\"lazy\" decoding=\"async\" class=\"alignleft size-medium wp-image-19891\" title=\"S\u00f6geler Kita Arche Noah steht f\u00fcr Qualit\u00e4t2\" src=\"https:\/\/www.forum-soegel.de\/information\/wp-content\/uploads\/2016\/10\/S\u00f6geler-Kita-Arche-Noah-steht-f\u00fcr-Qualit\u00e4t2-300x225.jpg\" alt=\"\" width=\"300\" height=\"225\" srcset=\"https:\/\/www.forum-soegel.de\/information\/wp-content\/uploads\/2016\/10\/S\u00f6geler-Kita-Arche-Noah-steht-f\u00fcr-Qualit\u00e4t2-300x225.jpg 300w, https:\/\/www.forum-soegel.de\/information\/wp-content\/uploads\/2016\/10\/S\u00f6geler-Kita-Arche-Noah-steht-f\u00fcr-Qualit\u00e4t2.jpg 1024w\" sizes=\"auto, (max-width: 300px) 100vw, 300px\" \/><\/a>S\u00f6gel &#8211; In der kath. Kindertagesst\u00e4tte Arche Noah S\u00f6gel hat ein internes Audit des Bistums Osnabr\u00fcck stattgefunden. Nach Pr\u00fcfung durch die Verantwortliche, Monika Kleine-Kuhlmann, wurde das Bistumsrahmenhandbuch in der Kita als eine der ersten nach den Kitas der Steuerungsgruppe vollst\u00e4ndig umgesetzt.<\/p>\n<p>In der Arche Noah fanden an zwei Tagen Begehungen in die verschiedenen R\u00e4ume der Einrichtung statt.<\/p>\n<p>Dort wurden Beobachtungen zu den verschiedenen Spielphasen und den Vormittagsritualen der Gruppen angestellt. Kleine-Kuhlmann, Fachbereichsleitung \u201eTageseinrichtungen f\u00fcr Kinder\u201c des Bistums Osnabr\u00fcck, f\u00fchrte au\u00dferdem Interviews mit den Mitarbeitern, den Elternvertretern, dem Tr\u00e4ger des Hauses und der Leitung Heike Rohe. Dadurch verschaffte sie sich einen Einblick in die Arbeit der Arche Noah. \u201eDie kath. Kindertagesst\u00e4tte Arche Noah hat nachgewiesen, dass ein wirksames System zur Sicherung und Weiterentwicklung der Qualit\u00e4t eingef\u00fchrt wurde und aufrechterhalten wird. Das Bistumsrahmenhandbuch ist vollst\u00e4ndig umgesetzt worden\u201c, fasste Kleine-Kuhlmann das Ergebnis des Audits zusammen.<\/p>\n<p>Besonders gelungen sei der Kita die Art der Darstellung der p\u00e4dagogischen Arbeit im Konzept der Einrichtung. \u201eDie Konzeption ist verst\u00e4ndlich f\u00fcr jedermann aufgebaut, aber dennoch auf fachlicher Ebene umgesetzt\u201c, erkl\u00e4rt Kleine-Kuhlmann. Au\u00dferdem sei die Haltung der Mitarbeiterinnen den Kindern gegen\u00fcber durchzogen von Angenommensein, Wertsch\u00e4tzung, Vertrauen und Zutrauen.<\/p>\n<p>Dies sei eine fruchtbare Basis f\u00fcr die Umsetzung des Erziehungs-, Bildungs- und Betreuungsauftrages der Einrichtung. Insgesamt wurde im kompletten Team eine grunds\u00e4tzlich positive Haltung zum Arbeiten mit dem Qualit\u00e4tsmanagementsystem festgestellt.<\/p>\n<p>Es wurde hervorgehoben, dass die Kita-Leitung Rohe s\u00e4mtliche Prozesse gemeinsam mit ihren Mitarbeiterinnen bearbeitet und in die allt\u00e4gliche Arbeit umsetzt. Im gesamten Team der Arche Noah best\u00fcnde eine gro\u00dfe Reflexionsbereitschaft und ein entsprechender Wille zur Qualit\u00e4tsentwicklung. Abschlie\u00dfend erw\u00e4hnte Kleine-Kuhlmann: \u201eSo wie es jetzt ist, erf\u00fcllt die kath. Kindertagesst\u00e4tte Arche Noah alle Voraussetzungen, um einen Antrag f\u00fcr das Qualit\u00e4tslogo \u201eHaus f\u00fcr Kinder &amp; Familien\u201c zu stellen.\u201c<\/p>\n<p>Das \u201eAudit\u201c wird seit 2008 im Bistum Osnabr\u00fcck durchgef\u00fchrt. Es ist ein Programm, welches das Qualit\u00e4tsmanagement von Einrichtungen pr\u00fcft. Hierbei werden der \u201eIst-Stand\u201c festgestellt und L\u00fccken ermittelt, an denen noch gearbeitet werden muss. J\u00e4hrlich werden ca. 10 Durchf\u00fchrungen eines Audits vorgenommen.<\/p>\n<p>Ziel des Audits ist es, den Grad der \u00dcbereinstimmung mit den eigenen Regelungen der Organisation, der gesetzlichen und beh\u00f6rdlichen sowie den Anforderungen des KTK-G\u00fctesiegel Bundesrahmenhandbuchs 12-2014 festzustellen. Au\u00dferdem wird durch das Programm diagnostiziert, wie weit die Implementierung des Bistumsrahmenhandbuchs, Stand Juni 2015, in der Einrichtung erfolgt ist.<\/p>\n<p>Text\/Foto: Marina Heller<\/p>\n<div id=\"attachment_19890\" style=\"width: 310px\" class=\"wp-caption alignnone\"><a href=\"https:\/\/www.forum-soegel.de\/information\/wp-content\/uploads\/2016\/10\/S\u00f6geler-Kita-Arche-Noah-steht-f\u00fcr-Qualit\u00e4t1.jpg\"><img loading=\"lazy\" decoding=\"async\" aria-describedby=\"caption-attachment-19890\" class=\"size-medium wp-image-19890\" title=\"S\u00f6geler Kita Arche Noah steht f\u00fcr Qualit\u00e4t1\" src=\"https:\/\/www.forum-soegel.de\/information\/wp-content\/uploads\/2016\/10\/S\u00f6geler-Kita-Arche-Noah-steht-f\u00fcr-Qualit\u00e4t1-300x225.jpg\" alt=\"\" width=\"300\" height=\"225\" srcset=\"https:\/\/www.forum-soegel.de\/information\/wp-content\/uploads\/2016\/10\/S\u00f6geler-Kita-Arche-Noah-steht-f\u00fcr-Qualit\u00e4t1-300x225.jpg 300w, https:\/\/www.forum-soegel.de\/information\/wp-content\/uploads\/2016\/10\/S\u00f6geler-Kita-Arche-Noah-steht-f\u00fcr-Qualit\u00e4t1.jpg 1024w\" sizes=\"auto, (max-width: 300px) 100vw, 300px\" \/><\/a><p id=\"caption-attachment-19890\" class=\"wp-caption-text\">Nach erfolgreichem Qualit\u00e4tsmanagement: (v.l.) Fachbereichsleitung \u201eTageseinrichtungen f\u00fcr Kinder\u201c Monika Kleine-Kuhlmann, Kita-Leitung Heike Rohe und Pfarrer Bernhard Horstmann.<\/p><\/div>\n","protected":false},"excerpt":{"rendered":"S\u00f6gel &#8211; In der kath. Kindertagesst\u00e4tte Arche Noah S\u00f6gel hat ein internes Audit des Bistums Osnabr\u00fcck stattgefunden. Nach Pr\u00fcfung durch die Verantwortliche, Monika Kleine-Kuhlmann, wurde das Bistumsrahmenhandbuch in der Kita als eine der ersten nach den Kitas der Steuerungsgruppe vollst\u00e4ndig umgesetzt. In der Arche Noah fanden an zwei Tagen Begehungen in die verschiedenen R\u00e4ume der [&hellip;]\n","protected":false},"author":2,"featured_media":0,"comment_status":"closed","ping_status":"closed","sticky":false,"template":"","format":"standard","meta":{"ngg_post_thumbnail":0,"footnotes":""},"categories":[868],"tags":[],"class_list":["post-19889","post","type-post","status-publish","format-standard","hentry","category-zwischen-himmel-und-erde"],"_links":{"self":[{"href":"https:\/\/www.forum-soegel.de\/information\/wp-json\/wp\/v2\/posts\/19889","targetHints":{"allow":["GET"]}}],"collection":[{"href":"https:\/\/www.forum-soegel.de\/information\/wp-json\/wp\/v2\/posts"}],"about":[{"href":"https:\/\/www.forum-soegel.de\/information\/wp-json\/wp\/v2\/types\/post"}],"author":[{"embeddable":true,"href":"https:\/\/www.forum-soegel.de\/information\/wp-json\/wp\/v2\/users\/2"}],"replies":[{"embeddable":true,"href":"https:\/\/www.forum-soegel.de\/information\/wp-json\/wp\/v2\/comments?post=19889"}],"version-history":[{"count":1,"href":"https:\/\/www.forum-soegel.de\/information\/wp-json\/wp\/v2\/posts\/19889\/revisions"}],"predecessor-version":[{"id":19892,"href":"https:\/\/www.forum-soegel.de\/information\/wp-json\/wp\/v2\/posts\/19889\/revisions\/19892"}],"wp:attachment":[{"href":"https:\/\/www.forum-soegel.de\/information\/wp-json\/wp\/v2\/media?parent=19889"}],"wp:term":[{"taxonomy":"category","embeddable":true,"href":"https:\/\/www.forum-soegel.de\/information\/wp-json\/wp\/v2\/categories?post=19889"},{"taxonomy":"post_tag","embeddable":true,"href":"https:\/\/www.forum-soegel.de\/information\/wp-json\/wp\/v2\/tags?post=19889"}],"curies":[{"name":"wp","href":"https:\/\/api.w.org\/{rel}","templated":true}]}}