{"id":19886,"date":"2016-10-10T17:08:10","date_gmt":"2016-10-10T15:08:10","guid":{"rendered":"https:\/\/www.forum-soegel.de\/information\/?p=19886"},"modified":"2016-10-10T17:08:10","modified_gmt":"2016-10-10T15:08:10","slug":"okumenischer-freiluftgottesdienst-zum-%e2%80%9etag-des-sports%e2%80%9c-in-sogel","status":"publish","type":"post","link":"https:\/\/www.forum-soegel.de\/information\/2016\/10\/okumenischer-freiluftgottesdienst-zum-%e2%80%9etag-des-sports%e2%80%9c-in-sogel\/","title":{"rendered":"\u00d6kumenischer Freiluftgottesdienst zum \u201eTag des Sports\u201c in S\u00f6gel"},"content":{"rendered":"<p>S\u00f6gel &#8211; Mit einem \u00f6kumenischen Freiluftgottesdienst durch die Past\u00f6re Bernhard Horstmann und Matthias Voss wurde das Mega-Event \u00a0\u201eTag des Sports\u201c in S\u00f6gel er\u00f6ffnet.\u00a0 Hans Hanekamp begleitete dabei die Lieder mit seinem Akkordeon. \u00a0\u00dcber den gesamten Tag verteilt konnten die vielen Besucher zahlreiche Sportarten testen und bestaunen.\u00a0 Highlight des Tages war die spektakul\u00e4re Er\u00f6ffnung des neuen Kunstrasenplatzes. Nach der \u00a0Segnung \u00a0durch die beiden Geistlichen Voss und Horstmann \u00a0landete Eberhard Gienger, der 1976 die olympische Bronzemedaille im Reck gewonnen hatte, mit einem Fallschirmsprung mitten auf dem Platz und hatte noch eine \u00dcberraschung dabei. \u00a0An seinem Fallschirm hing auch noch der Europaabgeordnete Jens Giesecke. Beide wurden nach sicherer Landung \u00a0mit gro\u00dfem Beifall empfangen.\u00a0 \u00a0Sportlich eingeweiht wurde der Platz mit einem Fu\u00dfball-Inklusionsturnier.<\/p>\n<p>Text\/Foto: Gisela Arling<\/p>\n<p><a href=\"https:\/\/www.forum-soegel.de\/information\/wp-content\/uploads\/2016\/10\/\u00d6kumenischer-Freiluftgottesdienst-zum-\u201eTag-des-Sports\u201c-in-S\u00f6gel.jpg\"><img loading=\"lazy\" decoding=\"async\" class=\"alignnone size-medium wp-image-19887\" title=\"\u00d6kumenischer Freiluftgottesdienst zum \u201eTag des Sports\u201c in S\u00f6gel\" src=\"https:\/\/www.forum-soegel.de\/information\/wp-content\/uploads\/2016\/10\/\u00d6kumenischer-Freiluftgottesdienst-zum-\u201eTag-des-Sports\u201c-in-S\u00f6gel-300x225.jpg\" alt=\"\" width=\"300\" height=\"225\" srcset=\"https:\/\/www.forum-soegel.de\/information\/wp-content\/uploads\/2016\/10\/\u00d6kumenischer-Freiluftgottesdienst-zum-\u201eTag-des-Sports\u201c-in-S\u00f6gel-300x225.jpg 300w, https:\/\/www.forum-soegel.de\/information\/wp-content\/uploads\/2016\/10\/\u00d6kumenischer-Freiluftgottesdienst-zum-\u201eTag-des-Sports\u201c-in-S\u00f6gel.jpg 1024w\" sizes=\"auto, (max-width: 300px) 100vw, 300px\" \/><\/a><\/p>\n","protected":false},"excerpt":{"rendered":"S\u00f6gel &#8211; Mit einem \u00f6kumenischen Freiluftgottesdienst durch die Past\u00f6re Bernhard Horstmann und Matthias Voss wurde das Mega-Event \u00a0\u201eTag des Sports\u201c in S\u00f6gel er\u00f6ffnet.\u00a0 Hans Hanekamp begleitete dabei die Lieder mit seinem Akkordeon. \u00a0\u00dcber den gesamten Tag verteilt konnten die vielen Besucher zahlreiche Sportarten testen und bestaunen.\u00a0 Highlight des Tages war die spektakul\u00e4re Er\u00f6ffnung des neuen [&hellip;]\n","protected":false},"author":2,"featured_media":0,"comment_status":"closed","ping_status":"closed","sticky":false,"template":"","format":"standard","meta":{"ngg_post_thumbnail":0,"footnotes":""},"categories":[868],"tags":[],"class_list":["post-19886","post","type-post","status-publish","format-standard","hentry","category-zwischen-himmel-und-erde"],"_links":{"self":[{"href":"https:\/\/www.forum-soegel.de\/information\/wp-json\/wp\/v2\/posts\/19886","targetHints":{"allow":["GET"]}}],"collection":[{"href":"https:\/\/www.forum-soegel.de\/information\/wp-json\/wp\/v2\/posts"}],"about":[{"href":"https:\/\/www.forum-soegel.de\/information\/wp-json\/wp\/v2\/types\/post"}],"author":[{"embeddable":true,"href":"https:\/\/www.forum-soegel.de\/information\/wp-json\/wp\/v2\/users\/2"}],"replies":[{"embeddable":true,"href":"https:\/\/www.forum-soegel.de\/information\/wp-json\/wp\/v2\/comments?post=19886"}],"version-history":[{"count":1,"href":"https:\/\/www.forum-soegel.de\/information\/wp-json\/wp\/v2\/posts\/19886\/revisions"}],"predecessor-version":[{"id":19888,"href":"https:\/\/www.forum-soegel.de\/information\/wp-json\/wp\/v2\/posts\/19886\/revisions\/19888"}],"wp:attachment":[{"href":"https:\/\/www.forum-soegel.de\/information\/wp-json\/wp\/v2\/media?parent=19886"}],"wp:term":[{"taxonomy":"category","embeddable":true,"href":"https:\/\/www.forum-soegel.de\/information\/wp-json\/wp\/v2\/categories?post=19886"},{"taxonomy":"post_tag","embeddable":true,"href":"https:\/\/www.forum-soegel.de\/information\/wp-json\/wp\/v2\/tags?post=19886"}],"curies":[{"name":"wp","href":"https:\/\/api.w.org\/{rel}","templated":true}]}}