{"id":19883,"date":"2016-10-10T17:06:59","date_gmt":"2016-10-10T15:06:59","guid":{"rendered":"https:\/\/www.forum-soegel.de\/information\/?p=19883"},"modified":"2016-10-10T17:06:59","modified_gmt":"2016-10-10T15:06:59","slug":"maria-wilmes-feiert-ihr-25-jahriges-dienstjubilaum","status":"publish","type":"post","link":"https:\/\/www.forum-soegel.de\/information\/2016\/10\/maria-wilmes-feiert-ihr-25-jahriges-dienstjubilaum\/","title":{"rendered":"Maria Wilmes feiert ihr 25-j\u00e4hriges Dienstjubil\u00e4um"},"content":{"rendered":"<p align=\"left\">Spahnharrenst\u00e4tte: \u201eWenn ein sch\u00f6ner Tag beginnt\u201d, so sangen die Kinder der KiTa St. Johannes d.T. zu Beginn der offiziellen Feierstunde anl\u00e4sslich des 25-j\u00e4hrigen Dienstjubil\u00e4ums von Frau Wilmes.<\/p>\n<p align=\"left\">So gratulierten nicht nur die Kinder und Kolleginnen der Jubilarin, sondern auch Anja Stevens-Lau und Konrad L\u00fcnnswilken als Vertreter der Kirchengemeinde \u00fcberbrachten die besten Gl\u00fcckw\u00fcnsche zum Ehrentag.<\/p>\n<p align=\"left\">Auch B\u00fcrgermeister Reinhard Timpker lie\u00df es sich nicht nehmen, sich bei Maria Wilmes f\u00fcr ihre langj\u00e4hrige T\u00e4tigkeit im \u00f6rtlichen Kindergarten zu bedanken.<\/p>\n<p align=\"left\">F\u00fcr die liebevolle Betreuung der Kinder sprachen die Eltern des Elternbeirates ihren Dank aus. Im Namen des F\u00f6rdervereins \u00fcberreichte Georg T\u00f6bbenottke einen Blumenstrau\u00df. Als Leitung der KiTa moderierte Frau Ker\u00dfens die Feierstunde, in der die Kinder Lieder und T\u00e4nze zeigten.<\/p>\n<p align=\"left\">Alle G\u00e4ste waren sich einig, dass dieser besondere Tag der Jubilarin bestimmt noch lange in Erinnerung bleiben wird.<\/p>\n<p align=\"left\">\n<p align=\"left\">Text\/Foto: WR, SPH-V<\/p>\n<p align=\"left\"><a href=\"https:\/\/www.forum-soegel.de\/information\/wp-content\/uploads\/2016\/10\/Maria-Wilmes-feiert-ihr-25-j\u00e4hriges-Dienstjubil\u00e4um.jpg\"><img loading=\"lazy\" decoding=\"async\" class=\"alignnone size-medium wp-image-19884\" title=\"Maria Wilmes feiert ihr 25-j\u00e4hriges Dienstjubil\u00e4um\" src=\"https:\/\/www.forum-soegel.de\/information\/wp-content\/uploads\/2016\/10\/Maria-Wilmes-feiert-ihr-25-j\u00e4hriges-Dienstjubil\u00e4um-269x300.jpg\" alt=\"\" width=\"269\" height=\"300\" srcset=\"https:\/\/www.forum-soegel.de\/information\/wp-content\/uploads\/2016\/10\/Maria-Wilmes-feiert-ihr-25-j\u00e4hriges-Dienstjubil\u00e4um-269x300.jpg 269w, https:\/\/www.forum-soegel.de\/information\/wp-content\/uploads\/2016\/10\/Maria-Wilmes-feiert-ihr-25-j\u00e4hriges-Dienstjubil\u00e4um.jpg 691w\" sizes=\"auto, (max-width: 269px) 100vw, 269px\" \/><\/a><\/p>\n<p align=\"left\">\n","protected":false},"excerpt":{"rendered":"Spahnharrenst\u00e4tte: \u201eWenn ein sch\u00f6ner Tag beginnt\u201d, so sangen die Kinder der KiTa St. Johannes d.T. zu Beginn der offiziellen Feierstunde anl\u00e4sslich des 25-j\u00e4hrigen Dienstjubil\u00e4ums von Frau Wilmes. So gratulierten nicht nur die Kinder und Kolleginnen der Jubilarin, sondern auch Anja Stevens-Lau und Konrad L\u00fcnnswilken als Vertreter der Kirchengemeinde \u00fcberbrachten die besten Gl\u00fcckw\u00fcnsche zum Ehrentag. Auch [&hellip;]\n","protected":false},"author":2,"featured_media":0,"comment_status":"closed","ping_status":"closed","sticky":false,"template":"","format":"standard","meta":{"ngg_post_thumbnail":0,"footnotes":""},"categories":[868],"tags":[],"class_list":["post-19883","post","type-post","status-publish","format-standard","hentry","category-zwischen-himmel-und-erde"],"_links":{"self":[{"href":"https:\/\/www.forum-soegel.de\/information\/wp-json\/wp\/v2\/posts\/19883","targetHints":{"allow":["GET"]}}],"collection":[{"href":"https:\/\/www.forum-soegel.de\/information\/wp-json\/wp\/v2\/posts"}],"about":[{"href":"https:\/\/www.forum-soegel.de\/information\/wp-json\/wp\/v2\/types\/post"}],"author":[{"embeddable":true,"href":"https:\/\/www.forum-soegel.de\/information\/wp-json\/wp\/v2\/users\/2"}],"replies":[{"embeddable":true,"href":"https:\/\/www.forum-soegel.de\/information\/wp-json\/wp\/v2\/comments?post=19883"}],"version-history":[{"count":1,"href":"https:\/\/www.forum-soegel.de\/information\/wp-json\/wp\/v2\/posts\/19883\/revisions"}],"predecessor-version":[{"id":19885,"href":"https:\/\/www.forum-soegel.de\/information\/wp-json\/wp\/v2\/posts\/19883\/revisions\/19885"}],"wp:attachment":[{"href":"https:\/\/www.forum-soegel.de\/information\/wp-json\/wp\/v2\/media?parent=19883"}],"wp:term":[{"taxonomy":"category","embeddable":true,"href":"https:\/\/www.forum-soegel.de\/information\/wp-json\/wp\/v2\/categories?post=19883"},{"taxonomy":"post_tag","embeddable":true,"href":"https:\/\/www.forum-soegel.de\/information\/wp-json\/wp\/v2\/tags?post=19883"}],"curies":[{"name":"wp","href":"https:\/\/api.w.org\/{rel}","templated":true}]}}