{"id":19877,"date":"2016-10-10T17:02:37","date_gmt":"2016-10-10T15:02:37","guid":{"rendered":"https:\/\/www.forum-soegel.de\/information\/?p=19877"},"modified":"2016-10-10T17:02:37","modified_gmt":"2016-10-10T15:02:37","slug":"weihnachtsplanungen-laufen-auf-hochtouren","status":"publish","type":"post","link":"https:\/\/www.forum-soegel.de\/information\/2016\/10\/weihnachtsplanungen-laufen-auf-hochtouren\/","title":{"rendered":"Weihnachtsplanungen laufen auf Hochtouren"},"content":{"rendered":"<p>S\u00f6gel &#8211; F\u00fcr die Tourist-Information S\u00f6gel ist der Dezember definitiv kein ruhiger und besinnlicher Monat. Neben dem gut besuchten Ferienhausgebiet freut sich das Team der Tourist-Information auch auf den Weihnachtsmarkt auf dem Heimathof und den Adventsmarkt auf Schloss Clemenswerth.<\/p>\n<p>Doch mehr noch! Nachdem letztes Jahr die erste Weihnachtsmarktfahrt nach Bremen sehr gut angekommen ist, laufen die Planungen f\u00fcr eine erneute Tour auf Hochtouren.<\/p>\n<p>Das diesj\u00e4hrige Ziel wird der Weihnachtsmarkt M\u00fcnster sein.<\/p>\n<p>Nach einem gemeinsamen Fr\u00fchst\u00fcck unterwegs wird dort mit einer kleinen Stadtrundfahrt gestartet. Anschlie\u00dfend geht es in die Altstadt mit den verschiedenen Weihnachtsm\u00e4rkten. Hier kann jeder die Zeit zu seiner freien Vergn\u00fcgung nutzen.<\/p>\n<p>Um ca. 17.00 Uhr machen wir uns wieder auf den Heimweg. Unterwegs wird es ein leckeres Abendessen in Buffetform geben, um den Tag in geselliger Runde Revue passieren zu lassen, bevor es wieder Richtung S\u00f6gel geht.<\/p>\n<p>Anmeldungen sind m\u00f6glich bei der Tourist-Information, Am Markt 2, in S\u00f6gel oder per Telefon unter 05952-206400 und Email <a href=\"mailto:tourist-info@soegel.de\">tourist-info@soegel.de<\/a>. Der Preis pro Person betr\u00e4gt 45,00 \u20ac.<\/p>\n<p>Falls diese Veranstaltung nicht in Ihren Terminkalender passt, so haben wir auch viele weitere Veranstaltungen f\u00fcr Sie im Programm. Neben Karten f\u00fcr das Heimathaus Twist, die Freilichtb\u00fchnen in Meppen und Ahmsen, das Theater Meppen, f\u00fcr den Kulturkreis Clemenswerth oder f\u00fcr den Bereich Nord-West-Deutschland mit den Systemen ProTicket und Nord-West-Ticket. Mit uns kommt keine Langeweile auf! Sprechen Sie uns an! Wir freuen uns auf Sie!<\/p>\n<p>Text: Heidrun Langen<\/p>\n","protected":false},"excerpt":{"rendered":"S\u00f6gel &#8211; F\u00fcr die Tourist-Information S\u00f6gel ist der Dezember definitiv kein ruhiger und besinnlicher Monat. Neben dem gut besuchten Ferienhausgebiet freut sich das Team der Tourist-Information auch auf den Weihnachtsmarkt auf dem Heimathof und den Adventsmarkt auf Schloss Clemenswerth. Doch mehr noch! Nachdem letztes Jahr die erste Weihnachtsmarktfahrt nach Bremen sehr gut angekommen ist, laufen [&hellip;]\n","protected":false},"author":2,"featured_media":0,"comment_status":"closed","ping_status":"closed","sticky":false,"template":"","format":"standard","meta":{"ngg_post_thumbnail":0,"footnotes":""},"categories":[3],"tags":[],"class_list":["post-19877","post","type-post","status-publish","format-standard","hentry","category-aktuelles-aus-der-region"],"_links":{"self":[{"href":"https:\/\/www.forum-soegel.de\/information\/wp-json\/wp\/v2\/posts\/19877","targetHints":{"allow":["GET"]}}],"collection":[{"href":"https:\/\/www.forum-soegel.de\/information\/wp-json\/wp\/v2\/posts"}],"about":[{"href":"https:\/\/www.forum-soegel.de\/information\/wp-json\/wp\/v2\/types\/post"}],"author":[{"embeddable":true,"href":"https:\/\/www.forum-soegel.de\/information\/wp-json\/wp\/v2\/users\/2"}],"replies":[{"embeddable":true,"href":"https:\/\/www.forum-soegel.de\/information\/wp-json\/wp\/v2\/comments?post=19877"}],"version-history":[{"count":1,"href":"https:\/\/www.forum-soegel.de\/information\/wp-json\/wp\/v2\/posts\/19877\/revisions"}],"predecessor-version":[{"id":19878,"href":"https:\/\/www.forum-soegel.de\/information\/wp-json\/wp\/v2\/posts\/19877\/revisions\/19878"}],"wp:attachment":[{"href":"https:\/\/www.forum-soegel.de\/information\/wp-json\/wp\/v2\/media?parent=19877"}],"wp:term":[{"taxonomy":"category","embeddable":true,"href":"https:\/\/www.forum-soegel.de\/information\/wp-json\/wp\/v2\/categories?post=19877"},{"taxonomy":"post_tag","embeddable":true,"href":"https:\/\/www.forum-soegel.de\/information\/wp-json\/wp\/v2\/tags?post=19877"}],"curies":[{"name":"wp","href":"https:\/\/api.w.org\/{rel}","templated":true}]}}