{"id":19872,"date":"2016-10-10T17:00:45","date_gmt":"2016-10-10T15:00:45","guid":{"rendered":"https:\/\/www.forum-soegel.de\/information\/?p=19872"},"modified":"2016-10-10T17:01:24","modified_gmt":"2016-10-10T15:01:24","slug":"%e2%80%9eseniorenfahrt-der-gemeinde-sogel%e2%80%9c","status":"publish","type":"post","link":"https:\/\/www.forum-soegel.de\/information\/2016\/10\/%e2%80%9eseniorenfahrt-der-gemeinde-sogel%e2%80%9c\/","title":{"rendered":"\u201eSeniorenfahrt der Gemeinde S\u00f6gel\u201c"},"content":{"rendered":"<p>S\u00f6gel &#8211; Insgesamt 147 Seniorinnen und Senioren haben am Donnerstag, dem 01. September 2016 an der diesj\u00e4hrigen Seniorenfahrt der Gemeinde S\u00f6gel teilgenommen. Die Fahrt f\u00fchrte bei herrlichem Wetter mit drei gro\u00dfen Reisebussen nach Bad Zwischenahn. Dort hat die Reisegruppe um B\u00fcrgermeisterin Irmgard Welling u.a. eine Schifffahrt auf dem Zwischenahner Meer unternommen.<\/p>\n<p>Im Rahmen einer gem\u00fctlichen Runde auf dem Wasser konnte die Reisegruppe entspannt den Alltag hinter sich lassen. Dar\u00fcber hinaus erfuhren die Senioren Wissenswertes \u00fcber und um das Zwischenahner Meer.<\/p>\n<p>Am Abend fand der Tag bei einem gemeinsamen Abendessen mit musikalischer Begleitung durch die \u201eKolpingskapelle S\u00f6gel\u201c im Hotel Clemenswerther Hof einen sch\u00f6nen Ausklang.<\/p>\n<p>Text: Marina Heller \/ Foto: Gerd Kerssens<\/p>\n<div id=\"attachment_19873\" style=\"width: 310px\" class=\"wp-caption alignnone\"><a href=\"https:\/\/www.forum-soegel.de\/information\/wp-content\/uploads\/2016\/10\/Seniorenfahrt-der-Gemeinde-S\u00f6gel.jpg\"><img loading=\"lazy\" decoding=\"async\" aria-describedby=\"caption-attachment-19873\" class=\"size-medium wp-image-19873\" title=\"Seniorenfahrt der Gemeinde S\u00f6gel\" src=\"https:\/\/www.forum-soegel.de\/information\/wp-content\/uploads\/2016\/10\/Seniorenfahrt-der-Gemeinde-S\u00f6gel-300x225.jpg\" alt=\"\" width=\"300\" height=\"225\" srcset=\"https:\/\/www.forum-soegel.de\/information\/wp-content\/uploads\/2016\/10\/Seniorenfahrt-der-Gemeinde-S\u00f6gel-300x225.jpg 300w, https:\/\/www.forum-soegel.de\/information\/wp-content\/uploads\/2016\/10\/Seniorenfahrt-der-Gemeinde-S\u00f6gel.jpg 1024w\" sizes=\"auto, (max-width: 300px) 100vw, 300px\" \/><\/a><p id=\"caption-attachment-19873\" class=\"wp-caption-text\">Das Foto zeigt einen Teil der Reisegruppe vor dem weitl\u00e4ufigen Kurpark des staatlich anerkannten Moorheilbades<\/p><\/div>\n","protected":false},"excerpt":{"rendered":"S\u00f6gel &#8211; Insgesamt 147 Seniorinnen und Senioren haben am Donnerstag, dem 01. September 2016 an der diesj\u00e4hrigen Seniorenfahrt der Gemeinde S\u00f6gel teilgenommen. Die Fahrt f\u00fchrte bei herrlichem Wetter mit drei gro\u00dfen Reisebussen nach Bad Zwischenahn. Dort hat die Reisegruppe um B\u00fcrgermeisterin Irmgard Welling u.a. eine Schifffahrt auf dem Zwischenahner Meer unternommen. Im Rahmen einer gem\u00fctlichen [&hellip;]\n","protected":false},"author":2,"featured_media":0,"comment_status":"closed","ping_status":"closed","sticky":false,"template":"","format":"standard","meta":{"ngg_post_thumbnail":0,"footnotes":""},"categories":[3],"tags":[],"class_list":["post-19872","post","type-post","status-publish","format-standard","hentry","category-aktuelles-aus-der-region"],"_links":{"self":[{"href":"https:\/\/www.forum-soegel.de\/information\/wp-json\/wp\/v2\/posts\/19872","targetHints":{"allow":["GET"]}}],"collection":[{"href":"https:\/\/www.forum-soegel.de\/information\/wp-json\/wp\/v2\/posts"}],"about":[{"href":"https:\/\/www.forum-soegel.de\/information\/wp-json\/wp\/v2\/types\/post"}],"author":[{"embeddable":true,"href":"https:\/\/www.forum-soegel.de\/information\/wp-json\/wp\/v2\/users\/2"}],"replies":[{"embeddable":true,"href":"https:\/\/www.forum-soegel.de\/information\/wp-json\/wp\/v2\/comments?post=19872"}],"version-history":[{"count":2,"href":"https:\/\/www.forum-soegel.de\/information\/wp-json\/wp\/v2\/posts\/19872\/revisions"}],"predecessor-version":[{"id":19876,"href":"https:\/\/www.forum-soegel.de\/information\/wp-json\/wp\/v2\/posts\/19872\/revisions\/19876"}],"wp:attachment":[{"href":"https:\/\/www.forum-soegel.de\/information\/wp-json\/wp\/v2\/media?parent=19872"}],"wp:term":[{"taxonomy":"category","embeddable":true,"href":"https:\/\/www.forum-soegel.de\/information\/wp-json\/wp\/v2\/categories?post=19872"},{"taxonomy":"post_tag","embeddable":true,"href":"https:\/\/www.forum-soegel.de\/information\/wp-json\/wp\/v2\/tags?post=19872"}],"curies":[{"name":"wp","href":"https:\/\/api.w.org\/{rel}","templated":true}]}}