{"id":19865,"date":"2016-10-10T16:57:22","date_gmt":"2016-10-10T14:57:22","guid":{"rendered":"https:\/\/www.forum-soegel.de\/information\/?p=19865"},"modified":"2016-10-10T16:57:22","modified_gmt":"2016-10-10T14:57:22","slug":"schon-mal-was-von-kassel-gehort","status":"publish","type":"post","link":"https:\/\/www.forum-soegel.de\/information\/2016\/10\/schon-mal-was-von-kassel-gehort\/","title":{"rendered":"Schon mal was von Kassel geh\u00f6rt?"},"content":{"rendered":"<p align=\"left\">S\u00f6gel &#8211; Knapp 40 Mitglieder der Seniorenunion Aschendorf H\u00fcmmling haben in der zweiten Augusth\u00e4lfte unter der\u00a0 Leitung von Willi Masbaum eine viert\u00e4gige Reise nach Kassel unternommen. Mitgestaltet hat diese interessante Fahrt der geb\u00fcrtige \u201eKassel\u00e4ner\u201c\u00a0 Peter Wittekind.<\/p>\n<p align=\"left\">Auf der Fahrt erkl\u00e4rte Wittekind, wer Kassel\u00e4ner wer Kasselaner oder einfach nur Kasseler ist \u2013 nicht zu verwechseln mit Kassler.<\/p>\n<p align=\"left\">Beim ersten Zwischenstopp gab es eine eindrucksvolle F\u00fchrung durch den Dom der 1200-j\u00e4hrigen Universit\u00e4ts- und Domstadt Paderborn.<\/p>\n<p align=\"left\">In Kassel angekommen wurden die Reisenden vom Wahrzeichen der Stadt, dem Herkules\u00a0 begr\u00fc\u00dft, der oberhalb der Schloss-und Parkanlage Wilhelmsh\u00f6he auf die Stadt blickt.<\/p>\n<p align=\"left\">Weitere kulturelle H\u00f6hepunkte und Bekanntschaften bildeten Hann.M\u00fcnden, wo Doktor Eisenbarth zu Hause war und wo sich Fulda und Werra k\u00fcssen.<\/p>\n<p align=\"left\">Wer bisher nur die M\u00e4rchen Aschenputtel oder Rotk\u00e4ppchen der Gebr\u00fcder Grimm kannte, lernte im Museum \u201eGrimmwelt Kassel\u201c die weitaus umfangreicheren sprachlichen, grammatikalischen und literarischen F\u00e4higkeiten der Br\u00fcder Grimm kennen.<\/p>\n<p align=\"left\">Eine M\u00e4rchenstunde im Brauhaus Knallh\u00fctte in Baunatal, ein Zwischenstopp in der Fachwerkstatt Fritzlar, die Burg Waldeck am Edersee und die Nebenresidenz der Paderborner F\u00fcrstbisch\u00f6fe, die Wewelsburg rundeten die Kulturreise ab<\/p>\n<p align=\"left\">Mit dem Wissen von Peter Wittekind konnten in den Fahrtabschnitten immer wieder Detailfragen gekl\u00e4rt werden. Die um viele Eindr\u00fccke reichere Reisegruppe dankte den Veranstaltern Masbaum, Wittekind und nicht zuletzt dem Reiseunternehmen Frericks mit seinem Spitzenfahrer Heinz mit viel Applaus.<\/p>\n<p align=\"left\">Text\/Fotos: Klaus Sch\u00e4ffner<\/p>\n<p align=\"left\"><a href=\"https:\/\/www.forum-soegel.de\/information\/wp-content\/uploads\/2016\/10\/Schon-mal-was-von-Kassel-geh\u00f6rt.jpg\"><img loading=\"lazy\" decoding=\"async\" class=\"alignnone size-medium wp-image-19866\" title=\"Schon mal was von Kassel geh\u00f6rt\" src=\"https:\/\/www.forum-soegel.de\/information\/wp-content\/uploads\/2016\/10\/Schon-mal-was-von-Kassel-geh\u00f6rt-300x168.jpg\" alt=\"\" width=\"300\" height=\"168\" srcset=\"https:\/\/www.forum-soegel.de\/information\/wp-content\/uploads\/2016\/10\/Schon-mal-was-von-Kassel-geh\u00f6rt-300x168.jpg 300w, https:\/\/www.forum-soegel.de\/information\/wp-content\/uploads\/2016\/10\/Schon-mal-was-von-Kassel-geh\u00f6rt.jpg 1024w\" sizes=\"auto, (max-width: 300px) 100vw, 300px\" \/><\/a><\/p>\n","protected":false},"excerpt":{"rendered":"S\u00f6gel &#8211; Knapp 40 Mitglieder der Seniorenunion Aschendorf H\u00fcmmling haben in der zweiten Augusth\u00e4lfte unter der\u00a0 Leitung von Willi Masbaum eine viert\u00e4gige Reise nach Kassel unternommen. Mitgestaltet hat diese interessante Fahrt der geb\u00fcrtige \u201eKassel\u00e4ner\u201c\u00a0 Peter Wittekind. Auf der Fahrt erkl\u00e4rte Wittekind, wer Kassel\u00e4ner wer Kasselaner oder einfach nur Kasseler ist \u2013 nicht zu verwechseln mit [&hellip;]\n","protected":false},"author":2,"featured_media":0,"comment_status":"closed","ping_status":"closed","sticky":false,"template":"","format":"standard","meta":{"ngg_post_thumbnail":0,"footnotes":""},"categories":[3],"tags":[],"class_list":["post-19865","post","type-post","status-publish","format-standard","hentry","category-aktuelles-aus-der-region"],"_links":{"self":[{"href":"https:\/\/www.forum-soegel.de\/information\/wp-json\/wp\/v2\/posts\/19865","targetHints":{"allow":["GET"]}}],"collection":[{"href":"https:\/\/www.forum-soegel.de\/information\/wp-json\/wp\/v2\/posts"}],"about":[{"href":"https:\/\/www.forum-soegel.de\/information\/wp-json\/wp\/v2\/types\/post"}],"author":[{"embeddable":true,"href":"https:\/\/www.forum-soegel.de\/information\/wp-json\/wp\/v2\/users\/2"}],"replies":[{"embeddable":true,"href":"https:\/\/www.forum-soegel.de\/information\/wp-json\/wp\/v2\/comments?post=19865"}],"version-history":[{"count":1,"href":"https:\/\/www.forum-soegel.de\/information\/wp-json\/wp\/v2\/posts\/19865\/revisions"}],"predecessor-version":[{"id":19867,"href":"https:\/\/www.forum-soegel.de\/information\/wp-json\/wp\/v2\/posts\/19865\/revisions\/19867"}],"wp:attachment":[{"href":"https:\/\/www.forum-soegel.de\/information\/wp-json\/wp\/v2\/media?parent=19865"}],"wp:term":[{"taxonomy":"category","embeddable":true,"href":"https:\/\/www.forum-soegel.de\/information\/wp-json\/wp\/v2\/categories?post=19865"},{"taxonomy":"post_tag","embeddable":true,"href":"https:\/\/www.forum-soegel.de\/information\/wp-json\/wp\/v2\/tags?post=19865"}],"curies":[{"name":"wp","href":"https:\/\/api.w.org\/{rel}","templated":true}]}}