{"id":19862,"date":"2016-10-10T16:55:51","date_gmt":"2016-10-10T14:55:51","guid":{"rendered":"https:\/\/www.forum-soegel.de\/information\/?p=19862"},"modified":"2016-10-10T16:55:51","modified_gmt":"2016-10-10T14:55:51","slug":"ruckblick-hummlinger-ferienpass-2016","status":"publish","type":"post","link":"https:\/\/www.forum-soegel.de\/information\/2016\/10\/ruckblick-hummlinger-ferienpass-2016\/","title":{"rendered":"R\u00fcckblick: H\u00fcmmlinger Ferienpass 2016"},"content":{"rendered":"<p><a href=\"https:\/\/www.forum-soegel.de\/information\/wp-content\/uploads\/2016\/10\/R\u00fcckblick-H\u00fcmmlinger-Ferienpass-2016.jpg\"><img loading=\"lazy\" decoding=\"async\" class=\"alignleft size-medium wp-image-19863\" title=\"R\u00fcckblick H\u00fcmmlinger Ferienpass 2016\" src=\"https:\/\/www.forum-soegel.de\/information\/wp-content\/uploads\/2016\/10\/R\u00fcckblick-H\u00fcmmlinger-Ferienpass-2016-300x168.jpg\" alt=\"\" width=\"300\" height=\"168\" srcset=\"https:\/\/www.forum-soegel.de\/information\/wp-content\/uploads\/2016\/10\/R\u00fcckblick-H\u00fcmmlinger-Ferienpass-2016-300x168.jpg 300w, https:\/\/www.forum-soegel.de\/information\/wp-content\/uploads\/2016\/10\/R\u00fcckblick-H\u00fcmmlinger-Ferienpass-2016.jpg 1024w\" sizes=\"auto, (max-width: 300px) 100vw, 300px\" \/><\/a>H\u00fcmmling &#8211; Das erste Jahr mit einer Online-Version des H\u00fcmmlinger Ferienpasses ist geschafft. \u201eEs ist viel Neues auf das Ferienpassteam, aber insbesondere auch auf die Sch\u00fclerinnen und Sch\u00fcler sowie deren Eltern zugekommen\u201c, so Ralph Deitermann, Regionalmanager der LEADER-Region H\u00fcmmling. Die positiven Seiten dieser neuen Version liegen aber auf der Hand. Jens Niermann, Samtgemeinde Werlte: \u201eDas Schlange stehen entf\u00e4llt und das Anmeldeverfahren erfolgt entspannt von zu Hause aus. Bei \u00dcberbuchungen entscheidet das Losverfahren. So hat jeder die gleichen Chancen einer Teilnahme an bestimmten Angeboten.\u201c<\/p>\n<p>Neben den Samtgemeinden Nordh\u00fcmmling, S\u00f6gel und Werlte finden sich nun auch die Angebote der Samtgemeinde Lathen im H\u00fcmmlinger Ferienpass wieder. Sigrid Tietjen, Samtgemeinde Lathen: \u201eAuch f\u00fcr uns ergaben sich viele Neuerungen, da auch wir bislang den Ferienpass in der Druckversion erarbeitet haben. M\u00f6glich ist nun sogar, dass sich die Veranstalter selbst in das System einloggen und ihre Angebote einstellen k\u00f6nnen. Sie haben damit die Option im n\u00e4chsten Jahr, auf ihre bereits eingetragenen Veranstaltungen zur\u00fcckzugreifen und diese zu aktualisieren.\u201c<\/p>\n<p>Diese vier Samtgemeinden arbeiten nun in vielen Themenbereichen zusammen. Ferienpass, Energieregion, LEADER-Region und Naturpark sind Themen, die gemeinsam bearbeitet werden.<\/p>\n<p>Bzgl. des Ferienpasses hat die Region H\u00fcmmling ebenso wie viele umliegende Samtgemeinden und St\u00e4dte den Start in ein modernes und zeitgem\u00e4\u00dfes Auftreten gewagt. \u201eDie Nutzerzahlen in diesem Jahr von rd. 1.400 Teilnehmern bzw. Registrierungen und die Zahl der Angebote von ann\u00e4hernd 380 sollen aber in den n\u00e4chsten Jahren noch steigen. Da steckt noch viel Potenzial\u201c, so Norbert Rosema, Samtgemeinde Nordh\u00fcmmling.<\/p>\n<p>Zielstellung ist es zuk\u00fcnftig, das Programm in der Bedienungsfreundlichkeit zu optimieren. Gerade die Freundeoption als ein wichtiges Element im Ferienpass muss in der Verwendung verbessert und verdeutlicht werden. Auch die Best\u00e4tigung der Registrierung und der Email durch die Nutzer ist zu optimieren. Das Ferienpassteam bem\u00fcht sich, den Online-Ferienpass in den n\u00e4chsten Jahren weiterzuentwickeln. J\u00fcrgen Rolfes, Samtgemeinde S\u00f6gel: \u201eDabei sind wir auf die Hinweise und Anregungen von Sch\u00fclerinnen und Sch\u00fclern sowie deren Eltern angewiesen. Fragen und Probleme sind bestenfalls per Email an die zust\u00e4ndigen Mitarbeiter in den Samtgemeinden zu \u00fcbermitteln.\u201c<\/p>\n<p>Eine Umstellung f\u00fcr alle ist der deutlich fr\u00fchere Start der Online-Version gegen\u00fcber der Printversion. J\u00fcrgen Ermes, Samtgemeinde Lathen: \u201eBereits einige Wochen vor Beginn der Sommerferien d\u00fcrfen sich die Sch\u00fclerinnen und Sch\u00fcler bereits mit den vielen Angeboten f\u00fcr die anstehende schulfreie Zeit besch\u00e4ftigen. Dieser zeitliche Vorlauf ist erforderlich, damit ausreichend Zeit zum St\u00f6bern, f\u00fcr eventuelle Losverfahren, die Zuteilung sowie die Zahltage verbleibt.\u201c<\/p>\n<p>F\u00fcr das ehrenamtliche Engagement insbesondere in den Vereinen und bei den Gemeinden zum Gelingen des H\u00fcmmlinger Ferienpasses darf sich das Ferienpassteam ganz herzlich bedanken. Dieses Engagement macht es erst m\u00f6glich, ein so umfangreiches Angebot in den Sommermonaten anzubieten. Ebenso bedanken m\u00f6chte sich das Ferienpassteam bei den Sponsoren.<\/p>\n<p>Text\/Foto: Ralph Deitermann<\/p>\n<p>&nbsp;<\/p>\n<p>&nbsp;<\/p>\n","protected":false},"excerpt":{"rendered":"H\u00fcmmling &#8211; Das erste Jahr mit einer Online-Version des H\u00fcmmlinger Ferienpasses ist geschafft. \u201eEs ist viel Neues auf das Ferienpassteam, aber insbesondere auch auf die Sch\u00fclerinnen und Sch\u00fcler sowie deren Eltern zugekommen\u201c, so Ralph Deitermann, Regionalmanager der LEADER-Region H\u00fcmmling. Die positiven Seiten dieser neuen Version liegen aber auf der Hand. Jens Niermann, Samtgemeinde Werlte: \u201eDas [&hellip;]\n","protected":false},"author":2,"featured_media":0,"comment_status":"closed","ping_status":"closed","sticky":false,"template":"","format":"standard","meta":{"ngg_post_thumbnail":0,"footnotes":""},"categories":[3],"tags":[],"class_list":["post-19862","post","type-post","status-publish","format-standard","hentry","category-aktuelles-aus-der-region"],"_links":{"self":[{"href":"https:\/\/www.forum-soegel.de\/information\/wp-json\/wp\/v2\/posts\/19862","targetHints":{"allow":["GET"]}}],"collection":[{"href":"https:\/\/www.forum-soegel.de\/information\/wp-json\/wp\/v2\/posts"}],"about":[{"href":"https:\/\/www.forum-soegel.de\/information\/wp-json\/wp\/v2\/types\/post"}],"author":[{"embeddable":true,"href":"https:\/\/www.forum-soegel.de\/information\/wp-json\/wp\/v2\/users\/2"}],"replies":[{"embeddable":true,"href":"https:\/\/www.forum-soegel.de\/information\/wp-json\/wp\/v2\/comments?post=19862"}],"version-history":[{"count":1,"href":"https:\/\/www.forum-soegel.de\/information\/wp-json\/wp\/v2\/posts\/19862\/revisions"}],"predecessor-version":[{"id":19864,"href":"https:\/\/www.forum-soegel.de\/information\/wp-json\/wp\/v2\/posts\/19862\/revisions\/19864"}],"wp:attachment":[{"href":"https:\/\/www.forum-soegel.de\/information\/wp-json\/wp\/v2\/media?parent=19862"}],"wp:term":[{"taxonomy":"category","embeddable":true,"href":"https:\/\/www.forum-soegel.de\/information\/wp-json\/wp\/v2\/categories?post=19862"},{"taxonomy":"post_tag","embeddable":true,"href":"https:\/\/www.forum-soegel.de\/information\/wp-json\/wp\/v2\/tags?post=19862"}],"curies":[{"name":"wp","href":"https:\/\/api.w.org\/{rel}","templated":true}]}}