{"id":19859,"date":"2016-10-10T16:54:13","date_gmt":"2016-10-10T14:54:13","guid":{"rendered":"https:\/\/www.forum-soegel.de\/information\/?p=19859"},"modified":"2016-10-10T16:54:13","modified_gmt":"2016-10-10T14:54:13","slug":"martin-pulsken-leitet-jetzt-gruppe-der-atemschutzgeratewarte-in-der-samtgemeinde-sogel","status":"publish","type":"post","link":"https:\/\/www.forum-soegel.de\/information\/2016\/10\/martin-pulsken-leitet-jetzt-gruppe-der-atemschutzgeratewarte-in-der-samtgemeinde-sogel\/","title":{"rendered":"Martin P\u00fclsken leitet jetzt Gruppe der Atemschutzger\u00e4tewarte in der Samtgemeinde S\u00f6gel"},"content":{"rendered":"<p>SG S\u00f6gel &#8211; Die Atemschutzger\u00e4tewarte in den f\u00fcnf Feuerwehren der Samtgemeinde S\u00f6gel arbeiten seit zehn Jahre eng zusammen. Der bisherige Leiter, Martin Kronabel, hat jetzt die Leitung an Martin P\u00fclsken \u00fcbergeben.<\/p>\n<p>Nach seiner Ernennung zum neuen Ortsbrandmeister der Freiwilligen Feuerwehr (FF) B\u00f6rger hat Martin Kronabel nicht mehr viel Zeit, um die Gruppenleitung weiterhin wahrzunehmen. Auf Beschluss des Gemeindekommandos wurde diese Aufgabe Martin P\u00fclsken aus der Wehr Spahnharrenst\u00e4tte \u00fcbergeben.<\/p>\n<p>Die Gruppe hat es sich zum Ziel gemacht, die Ausbildung und Ausstattung der Atemschutzger\u00e4tetr\u00e4ger \u201eauf ein Level\u201c zu stellen. Bei Beschaffungsma\u00dfnahmen ber\u00e4t man das Gemeindekommando. Dar\u00fcber hinaus haben bereits drei sogenannte Atemschutztage auf Samtgemeindeebene stattgefunden. Hier wird neben der theoretischen Fortbildung viel Wert auf eine praxisnahe Umsetzung und Auffrischung des Wissens gelegt.<\/p>\n<p>Gegr\u00fcndet wurde die Gruppe von Martin Kronabel, Martin P\u00fclsken, Hermann B\u00fcter, Detlef D\u00fchnen und Klaus-Dieter Schmits. Aktuell sind Stefan Jansen, J\u00f6rg Eveld (FF S\u00f6gel), Martin P\u00fclsken, Martin St\u00fcber (Spahnharrenst\u00e4tte) Detlef D\u00fchnen, Michael Schrand (Ber\u00dfen) Johannes Schmitz, J\u00fcrgen Lucks (Werpeloh) und Andreas Albers und Christian Spark (B\u00f6rger) Mitglieder dieser aktiven Truppe.<\/p>\n<p>Gemeindebrandmeister Heinz L\u00fcckenjans dankte dem bisherigen Leiter Kronabel f\u00fcr sein Engagement und \u00fcbertrug Martin P\u00fclsken offiziell die Leitung. Mit einem Pr\u00e4sent bedankte man sich bei Martin Kronabel f\u00fcr Leitungst\u00e4tigkeit.<\/p>\n<p>Text\/Foto: LB<\/p>\n<div id=\"attachment_19860\" style=\"width: 310px\" class=\"wp-caption alignnone\"><a href=\"https:\/\/www.forum-soegel.de\/information\/wp-content\/uploads\/2016\/10\/Martin-P\u00fclsken-leitet-jetzt-Gruppe-der-Atemschutzger\u00e4tewarte-in-der-Samtgemeinde-S\u00f6gel.jpg\"><img loading=\"lazy\" decoding=\"async\" aria-describedby=\"caption-attachment-19860\" class=\"size-medium wp-image-19860\" title=\"Martin P\u00fclsken leitet jetzt Gruppe der Atemschutzger\u00e4tewarte in der Samtgemeinde S\u00f6gel\" src=\"https:\/\/www.forum-soegel.de\/information\/wp-content\/uploads\/2016\/10\/Martin-P\u00fclsken-leitet-jetzt-Gruppe-der-Atemschutzger\u00e4tewarte-in-der-Samtgemeinde-S\u00f6gel-300x200.jpg\" alt=\"\" width=\"300\" height=\"200\" srcset=\"https:\/\/www.forum-soegel.de\/information\/wp-content\/uploads\/2016\/10\/Martin-P\u00fclsken-leitet-jetzt-Gruppe-der-Atemschutzger\u00e4tewarte-in-der-Samtgemeinde-S\u00f6gel-300x200.jpg 300w, https:\/\/www.forum-soegel.de\/information\/wp-content\/uploads\/2016\/10\/Martin-P\u00fclsken-leitet-jetzt-Gruppe-der-Atemschutzger\u00e4tewarte-in-der-Samtgemeinde-S\u00f6gel.jpg 1024w\" sizes=\"auto, (max-width: 300px) 100vw, 300px\" \/><\/a><p id=\"caption-attachment-19860\" class=\"wp-caption-text\">Der neue Leiter der Gruppe \u201eAtemschutzger\u00e4tewarte\u201c in der Samtgemeinde S\u00f6gel, Martin P\u00fclsken, (Mitte) bedankt sich bei seinem Vorg\u00f6nger Martin Kronabel (rechts) mit einem Pr\u00e4sent f\u00fcr die geleistete Arbeit. Links im Bild Gemeindebrandmeister Heinz L\u00fcckenjans.<\/p><\/div>\n","protected":false},"excerpt":{"rendered":"SG S\u00f6gel &#8211; Die Atemschutzger\u00e4tewarte in den f\u00fcnf Feuerwehren der Samtgemeinde S\u00f6gel arbeiten seit zehn Jahre eng zusammen. Der bisherige Leiter, Martin Kronabel, hat jetzt die Leitung an Martin P\u00fclsken \u00fcbergeben. Nach seiner Ernennung zum neuen Ortsbrandmeister der Freiwilligen Feuerwehr (FF) B\u00f6rger hat Martin Kronabel nicht mehr viel Zeit, um die Gruppenleitung weiterhin wahrzunehmen. Auf [&hellip;]\n","protected":false},"author":2,"featured_media":0,"comment_status":"closed","ping_status":"closed","sticky":false,"template":"","format":"standard","meta":{"ngg_post_thumbnail":0,"footnotes":""},"categories":[3],"tags":[],"class_list":["post-19859","post","type-post","status-publish","format-standard","hentry","category-aktuelles-aus-der-region"],"_links":{"self":[{"href":"https:\/\/www.forum-soegel.de\/information\/wp-json\/wp\/v2\/posts\/19859","targetHints":{"allow":["GET"]}}],"collection":[{"href":"https:\/\/www.forum-soegel.de\/information\/wp-json\/wp\/v2\/posts"}],"about":[{"href":"https:\/\/www.forum-soegel.de\/information\/wp-json\/wp\/v2\/types\/post"}],"author":[{"embeddable":true,"href":"https:\/\/www.forum-soegel.de\/information\/wp-json\/wp\/v2\/users\/2"}],"replies":[{"embeddable":true,"href":"https:\/\/www.forum-soegel.de\/information\/wp-json\/wp\/v2\/comments?post=19859"}],"version-history":[{"count":1,"href":"https:\/\/www.forum-soegel.de\/information\/wp-json\/wp\/v2\/posts\/19859\/revisions"}],"predecessor-version":[{"id":19861,"href":"https:\/\/www.forum-soegel.de\/information\/wp-json\/wp\/v2\/posts\/19859\/revisions\/19861"}],"wp:attachment":[{"href":"https:\/\/www.forum-soegel.de\/information\/wp-json\/wp\/v2\/media?parent=19859"}],"wp:term":[{"taxonomy":"category","embeddable":true,"href":"https:\/\/www.forum-soegel.de\/information\/wp-json\/wp\/v2\/categories?post=19859"},{"taxonomy":"post_tag","embeddable":true,"href":"https:\/\/www.forum-soegel.de\/information\/wp-json\/wp\/v2\/tags?post=19859"}],"curies":[{"name":"wp","href":"https:\/\/api.w.org\/{rel}","templated":true}]}}