{"id":19856,"date":"2016-10-10T16:52:36","date_gmt":"2016-10-10T14:52:36","guid":{"rendered":"https:\/\/www.forum-soegel.de\/information\/?p=19856"},"modified":"2016-10-10T16:52:36","modified_gmt":"2016-10-10T14:52:36","slug":"in-sogels-mitte-entsteht-neue-tagespflegeeinrichtung","status":"publish","type":"post","link":"https:\/\/www.forum-soegel.de\/information\/2016\/10\/in-sogels-mitte-entsteht-neue-tagespflegeeinrichtung\/","title":{"rendered":"In S\u00f6gels Mitte entsteht neue Tagespflegeeinrichtung"},"content":{"rendered":"<p>S\u00f6gel &#8211; Das Deutsche Rote Kreuz (DRK) wird nach Angaben der Gemeinde S\u00f6gel ab Ende n\u00e4chsten Jahres 15 neue Tagespflegepl\u00e4tze auf dem H\u00fcmmling anbieten. Die Senioreneinrichtung entsteht im Erdgeschoss eines neuen Wohnhauses am Kreisel Ber\u00dfener Stra\u00dfe\/Sprakeler Stra\u00dfe in S\u00f6gels Ortsmitte. Nur wenige hundert Meter entfernt soll bereits im April 2017 ein derzeit im Bau befindliches Wohnheim des St. Lukasheimes er\u00f6ffnet werden.<\/p>\n<p>W\u00e4hrend das Papenburger St. Lukasheim selbst Bauherr des Wohnheimes f\u00fcr behinderte Menschen ist, entsteht die Senioreneinrichtung am zentralen Kreisverkehrsplatz in S\u00f6gels Mitte unter der Regie die B\u00fcrgergenossenschaft \u201eWillkommen in S\u00f6gel eG\u201c. Das Deutsche Rote Kreuz m\u00f6chte mit der Tagespflege Menschen ein Angebot machen, f\u00fcr die eine dauerhafte ambulante Pflege zu Hause nicht mehr ausreicht, eine station\u00e4re Pflege aber noch nicht notwendig ist. Tagespflegeg\u00e4ste wohnen weiter zu Hause, werden in S\u00f6gel k\u00fcnftig aber tags\u00fcber von qualifizierten Mitarbeiterinnen und Mitarbeitern betreut. Pflegende Angeh\u00f6rige werden mit der Tagespflege entlastet und k\u00f6nnen gegebenenfalls auch wieder ein Arbeitsverh\u00e4ltnis aufnehmen.<\/p>\n<p>Architekt des Bauprojektes mit Tagespflege im Erdgeschoss sowie f\u00fcnf Wohnungen f\u00fcr Fl\u00fcchtlinge und sozial Benachteiligte im ersten und zweiten Obergeschoss ist Patrick Grossmann aus S\u00f6gel. Das Objekt in der N\u00e4he des S\u00f6geler Marktplatzes ist das mittlerweile dritte Bauprojekt der S\u00f6geler B\u00fcrgergenossenschaft, die an der Sigiltrastra\u00dfe ein Vierfamilienhaus fertiggestellt und derzeit in der Von-Steuben-Stra\u00dfe ein Mehrfamilienhaus mit acht Wohneinheiten errichtet. In S\u00f6gel hatte sich im Herbst vergangenen Jahres mit Unterst\u00fctzung aller im Gemeinde- und Samtgemeinderat vertretenen Parteien sowie mit Hilfe der kath. und ev. Kirchengemeinde und des \u00f6rtlichen Wirtschaftsverbandes eine Genossenschaft gegr\u00fcndet, der gegenw\u00e4rtig rund 250 B\u00fcrgerinnen und B\u00fcrger angeh\u00f6ren. Das Projekt hatte als herausragendes Beispiel f\u00fcr zivilgesellschaftliches Engagement bundesweit f\u00fcr Schlagzeilen gesorgt.<\/p>\n<p>Text: Ingrid Cloppenburg \/ Grafik: Konzeptstudio Grossmann GmbH<\/p>\n<div id=\"attachment_19857\" style=\"width: 310px\" class=\"wp-caption alignnone\"><a href=\"https:\/\/www.forum-soegel.de\/information\/wp-content\/uploads\/2016\/10\/In-S\u00f6gels-Mitte-entsteht-neue-Tagespflegeeinrichtung.jpg\"><img loading=\"lazy\" decoding=\"async\" aria-describedby=\"caption-attachment-19857\" class=\"size-medium wp-image-19857\" title=\"In S\u00f6gels Mitte entsteht neue Tagespflegeeinrichtung\" src=\"https:\/\/www.forum-soegel.de\/information\/wp-content\/uploads\/2016\/10\/In-S\u00f6gels-Mitte-entsteht-neue-Tagespflegeeinrichtung-300x196.jpg\" alt=\"\" width=\"300\" height=\"196\" srcset=\"https:\/\/www.forum-soegel.de\/information\/wp-content\/uploads\/2016\/10\/In-S\u00f6gels-Mitte-entsteht-neue-Tagespflegeeinrichtung-300x196.jpg 300w, https:\/\/www.forum-soegel.de\/information\/wp-content\/uploads\/2016\/10\/In-S\u00f6gels-Mitte-entsteht-neue-Tagespflegeeinrichtung.jpg 1024w\" sizes=\"auto, (max-width: 300px) 100vw, 300px\" \/><\/a><p id=\"caption-attachment-19857\" class=\"wp-caption-text\">Eine neue Tagespflegeeinrichtung des Deutschen Roten Kreuzes mit 15 Pl\u00e4tzen wird im Sp\u00e4therbst 2017 im Erdgeschoss dieses in Planung befindliche Mehrfamilienhauses in S\u00f6gels Ortsmitte er\u00f6ffnet. In den Obergeschossen entstehen f\u00fcnf neue Wohnungen f\u00fcr Fl\u00fcchtlinge und sonstige Bed\u00fcrftige.<\/p><\/div>\n","protected":false},"excerpt":{"rendered":"S\u00f6gel &#8211; Das Deutsche Rote Kreuz (DRK) wird nach Angaben der Gemeinde S\u00f6gel ab Ende n\u00e4chsten Jahres 15 neue Tagespflegepl\u00e4tze auf dem H\u00fcmmling anbieten. Die Senioreneinrichtung entsteht im Erdgeschoss eines neuen Wohnhauses am Kreisel Ber\u00dfener Stra\u00dfe\/Sprakeler Stra\u00dfe in S\u00f6gels Ortsmitte. Nur wenige hundert Meter entfernt soll bereits im April 2017 ein derzeit im Bau befindliches [&hellip;]\n","protected":false},"author":2,"featured_media":0,"comment_status":"closed","ping_status":"closed","sticky":false,"template":"","format":"standard","meta":{"ngg_post_thumbnail":0,"footnotes":""},"categories":[3],"tags":[],"class_list":["post-19856","post","type-post","status-publish","format-standard","hentry","category-aktuelles-aus-der-region"],"_links":{"self":[{"href":"https:\/\/www.forum-soegel.de\/information\/wp-json\/wp\/v2\/posts\/19856","targetHints":{"allow":["GET"]}}],"collection":[{"href":"https:\/\/www.forum-soegel.de\/information\/wp-json\/wp\/v2\/posts"}],"about":[{"href":"https:\/\/www.forum-soegel.de\/information\/wp-json\/wp\/v2\/types\/post"}],"author":[{"embeddable":true,"href":"https:\/\/www.forum-soegel.de\/information\/wp-json\/wp\/v2\/users\/2"}],"replies":[{"embeddable":true,"href":"https:\/\/www.forum-soegel.de\/information\/wp-json\/wp\/v2\/comments?post=19856"}],"version-history":[{"count":1,"href":"https:\/\/www.forum-soegel.de\/information\/wp-json\/wp\/v2\/posts\/19856\/revisions"}],"predecessor-version":[{"id":19858,"href":"https:\/\/www.forum-soegel.de\/information\/wp-json\/wp\/v2\/posts\/19856\/revisions\/19858"}],"wp:attachment":[{"href":"https:\/\/www.forum-soegel.de\/information\/wp-json\/wp\/v2\/media?parent=19856"}],"wp:term":[{"taxonomy":"category","embeddable":true,"href":"https:\/\/www.forum-soegel.de\/information\/wp-json\/wp\/v2\/categories?post=19856"},{"taxonomy":"post_tag","embeddable":true,"href":"https:\/\/www.forum-soegel.de\/information\/wp-json\/wp\/v2\/tags?post=19856"}],"curies":[{"name":"wp","href":"https:\/\/api.w.org\/{rel}","templated":true}]}}