{"id":19853,"date":"2016-10-10T16:50:27","date_gmt":"2016-10-10T14:50:27","guid":{"rendered":"https:\/\/www.forum-soegel.de\/information\/?p=19853"},"modified":"2016-10-10T16:50:27","modified_gmt":"2016-10-10T14:50:27","slug":"hummlinger-wollen-locher-im-mobilfunknetz-beseitigen","status":"publish","type":"post","link":"https:\/\/www.forum-soegel.de\/information\/2016\/10\/hummlinger-wollen-locher-im-mobilfunknetz-beseitigen\/","title":{"rendered":"H\u00fcmmlinger wollen L\u00f6cher im Mobilfunknetz beseitigen"},"content":{"rendered":"<p style=\"text-align: left;\" align=\"center\"><strong>B\u00fcrger sollen auf neuer Internetplattform Funkl\u00f6cher melden<\/strong><\/p>\n<p>H\u00fcmmling &#8211; In Ballungszentren ist es kein Thema, der l\u00e4ndliche Raum aber hat noch immer ein gro\u00dfes Problem damit. \u201eWir k\u00f6nnen Bilder vom Mars empfangen, aber in manchen Ortsteilen auf dem H\u00fcmmling nicht einmal mobil telefonieren\u201c, sind sich vier Samtgemeindeb\u00fcrgermeister einig. Ein l\u00fcckenhaftes Mobilfunknetz wollen die Samtgemeinden Lathen, Nordh\u00fcmmling, S\u00f6gel und Werlte nicht l\u00e4nger akzeptieren und setzen auf die Mithilfe von B\u00fcrgern und Unternehmen.<\/p>\n<p>F\u00fcr Privatpersonen, besonders aber f\u00fcr Handwerk, Handel, Gewerbe und Industrie sei eine fl\u00e4chendeckende Handy-Erreichbarkeit sowohl f\u00fcr das Telefonieren als auch f\u00fcr den mobilen Datenempfang enorm wichtig. Um die bundesdeutschen Mobilfunkbetreiber zu motivieren, \u00fcberall auf dem H\u00fcmmling ein leistungsf\u00e4higes Netz vorzuhalten, sollen jetzt m\u00f6glichst viele B\u00fcrger und Unternehmen auf einer eigens entwickelten Internetplattform Funkl\u00f6cher melden.<\/p>\n<p>Je mehr B\u00fcrger und Unternehmen Funkl\u00f6cher auf einer Landkarte markieren, desto mehr Druck entsteht f\u00fcr die Netzbetreiber, auch in unserem l\u00e4ndlich strukturierten Raum leistungsstarke Netze vorzuhalten.<\/p>\n<p>Erreichbar ist die Seite ab sofort unter der Homepage der jeweiligen Samtgemeinde.\u00a0 Mit dieser Anwendung k\u00f6nnen B\u00fcrger schnell und unkompliziert mitteilen, wo Sie nicht oder nur schlecht telefonieren k\u00f6nnen, auf einen Mobilfunkempfang aber gleichwohl angewiesen sind. Der Anwender kann dabei unterscheiden nach den drei Netzen \u201eVodafone\u201c, \u201eTelekom\u201c und \u201eO2\u201c. Mit ein paar Klicks kann der genaue Standort angegeben werden, an dem es mit dem Mobilfunkempfang hapert. So entsteht nach und nach eine Karte vom H\u00fcmmling, die den Betreiber nicht nur die Schwachpunkte im Mobilfunknetz, sondern auch den Bedarf ihrer Kunden aufzeigt. Je mehr mitmachen, desto h\u00f6her wird der Wettbewerbsdruck und desto besser stehen die Chancen, die bundesdeutschen Mobilfunkbetreiber f\u00fcr einen Mobilfunkausbau zu motivieren. Entwickelt wurde die Website von Backslash-n aus S\u00f6gel.<\/p>\n<p>Text\/Foto: Samtgemeinde S\u00f6gel<\/p>\n<div id=\"attachment_19854\" style=\"width: 310px\" class=\"wp-caption alignnone\"><a href=\"https:\/\/www.forum-soegel.de\/information\/wp-content\/uploads\/2016\/10\/H\u00fcmmlinger-wollen-L\u00f6cher-im-Mobilfunknetz-beseitigen.jpg\"><img loading=\"lazy\" decoding=\"async\" aria-describedby=\"caption-attachment-19854\" class=\"size-medium wp-image-19854\" title=\"H\u00fcmmlinger wollen L\u00f6cher im Mobilfunknetz beseitigen\" src=\"https:\/\/www.forum-soegel.de\/information\/wp-content\/uploads\/2016\/10\/H\u00fcmmlinger-wollen-L\u00f6cher-im-Mobilfunknetz-beseitigen-300x225.jpg\" alt=\"\" width=\"300\" height=\"225\" srcset=\"https:\/\/www.forum-soegel.de\/information\/wp-content\/uploads\/2016\/10\/H\u00fcmmlinger-wollen-L\u00f6cher-im-Mobilfunknetz-beseitigen-300x225.jpg 300w, https:\/\/www.forum-soegel.de\/information\/wp-content\/uploads\/2016\/10\/H\u00fcmmlinger-wollen-L\u00f6cher-im-Mobilfunknetz-beseitigen.jpg 1024w\" sizes=\"auto, (max-width: 300px) 100vw, 300px\" \/><\/a><p id=\"caption-attachment-19854\" class=\"wp-caption-text\">B\u00fcrger k\u00f6nnen helfen, Funkl\u00f6cher beseitigen: Die vier Samtgemeinden auf dem H\u00fcmmling, hier vertreten durch von links Samtgemeindeb\u00fcrgermeister Ludger Kewe (Werlte), G\u00fcnter Wigbers (S\u00f6gel), Stefan Eichhorn (Nordh\u00fcmmling) und Karl-Heinz Weber (Lathen), wollen mit einer eigens daf\u00fcr entwickelten Website Defizite im Mobilfunknetz ermitteln, um eine Grundlage f\u00fcr Verhandlungsgespr\u00e4che mit bundesdeutschen Mobilfunkanbietern zu haben.<\/p><\/div>\n","protected":false},"excerpt":{"rendered":"B\u00fcrger sollen auf neuer Internetplattform Funkl\u00f6cher melden H\u00fcmmling &#8211; In Ballungszentren ist es kein Thema, der l\u00e4ndliche Raum aber hat noch immer ein gro\u00dfes Problem damit. \u201eWir k\u00f6nnen Bilder vom Mars empfangen, aber in manchen Ortsteilen auf dem H\u00fcmmling nicht einmal mobil telefonieren\u201c, sind sich vier Samtgemeindeb\u00fcrgermeister einig. Ein l\u00fcckenhaftes Mobilfunknetz wollen die Samtgemeinden Lathen, [&hellip;]\n","protected":false},"author":2,"featured_media":0,"comment_status":"closed","ping_status":"closed","sticky":false,"template":"","format":"standard","meta":{"ngg_post_thumbnail":0,"footnotes":""},"categories":[3],"tags":[],"class_list":["post-19853","post","type-post","status-publish","format-standard","hentry","category-aktuelles-aus-der-region"],"_links":{"self":[{"href":"https:\/\/www.forum-soegel.de\/information\/wp-json\/wp\/v2\/posts\/19853","targetHints":{"allow":["GET"]}}],"collection":[{"href":"https:\/\/www.forum-soegel.de\/information\/wp-json\/wp\/v2\/posts"}],"about":[{"href":"https:\/\/www.forum-soegel.de\/information\/wp-json\/wp\/v2\/types\/post"}],"author":[{"embeddable":true,"href":"https:\/\/www.forum-soegel.de\/information\/wp-json\/wp\/v2\/users\/2"}],"replies":[{"embeddable":true,"href":"https:\/\/www.forum-soegel.de\/information\/wp-json\/wp\/v2\/comments?post=19853"}],"version-history":[{"count":1,"href":"https:\/\/www.forum-soegel.de\/information\/wp-json\/wp\/v2\/posts\/19853\/revisions"}],"predecessor-version":[{"id":19855,"href":"https:\/\/www.forum-soegel.de\/information\/wp-json\/wp\/v2\/posts\/19853\/revisions\/19855"}],"wp:attachment":[{"href":"https:\/\/www.forum-soegel.de\/information\/wp-json\/wp\/v2\/media?parent=19853"}],"wp:term":[{"taxonomy":"category","embeddable":true,"href":"https:\/\/www.forum-soegel.de\/information\/wp-json\/wp\/v2\/categories?post=19853"},{"taxonomy":"post_tag","embeddable":true,"href":"https:\/\/www.forum-soegel.de\/information\/wp-json\/wp\/v2\/tags?post=19853"}],"curies":[{"name":"wp","href":"https:\/\/api.w.org\/{rel}","templated":true}]}}