{"id":19849,"date":"2016-10-10T16:47:05","date_gmt":"2016-10-10T14:47:05","guid":{"rendered":"https:\/\/www.forum-soegel.de\/information\/?p=19849"},"modified":"2016-10-10T16:47:05","modified_gmt":"2016-10-10T14:47:05","slug":"fotokalender-%e2%80%9edas-emsland%e2%80%9c-mit-der-huvener-muhle-als-titelbild-vorgestellt","status":"publish","type":"post","link":"https:\/\/www.forum-soegel.de\/information\/2016\/10\/fotokalender-%e2%80%9edas-emsland%e2%80%9c-mit-der-huvener-muhle-als-titelbild-vorgestellt\/","title":{"rendered":"Fotokalender \u201eDas Emsland\u201c mit der H\u00fcvener M\u00fchle als Titelbild vorgestellt"},"content":{"rendered":"<p><a href=\"https:\/\/www.forum-soegel.de\/information\/wp-content\/uploads\/2016\/10\/Fotokalender-\u201eDas-Emsland\u201c-mit-der-H\u00fcvener-M\u00fchle-als-Titelbild-vorgestellt2.jpg\"><img loading=\"lazy\" decoding=\"async\" class=\"alignleft size-medium wp-image-19851\" title=\"Fotokalender \u201eDas Emsland\u201c mit der H\u00fcvener M\u00fchle als Titelbild vorgestellt2\" src=\"https:\/\/www.forum-soegel.de\/information\/wp-content\/uploads\/2016\/10\/Fotokalender-\u201eDas-Emsland\u201c-mit-der-H\u00fcvener-M\u00fchle-als-Titelbild-vorgestellt2-300x225.jpg\" alt=\"\" width=\"300\" height=\"225\" srcset=\"https:\/\/www.forum-soegel.de\/information\/wp-content\/uploads\/2016\/10\/Fotokalender-\u201eDas-Emsland\u201c-mit-der-H\u00fcvener-M\u00fchle-als-Titelbild-vorgestellt2-300x225.jpg 300w, https:\/\/www.forum-soegel.de\/information\/wp-content\/uploads\/2016\/10\/Fotokalender-\u201eDas-Emsland\u201c-mit-der-H\u00fcvener-M\u00fchle-als-Titelbild-vorgestellt2.jpg 1024w\" sizes=\"auto, (max-width: 300px) 100vw, 300px\" \/><\/a>S\u00f6gel &#8211; Nach 2016 wurde jetzt die neue Ausgabe 2017 des Fotokalenders \u201eDas Emsland\u201c im Infozentrum der H\u00fcvener M\u00fchle vorgestellt. Fotograf Heinz W\u00f6sten aus Haren \u00fcberreichte erste Exemplare mit der H\u00fcvener M\u00fchle als Titelfoto an die Vorstandsmitglieder Daniela Kleimann, Friedhelm Kr\u00fc\u00dfel, Hedwig Fust-Sanders und Wilhelm Geers vom F\u00f6rderkreises der H\u00fcvener M\u00fchle.<\/p>\n<p>Der Fotokalender im DIN A 3-Format ist in allen Buchhandlungen des Landkreises Emsland, im Infozentrum der H\u00fcvener M\u00fchle, in der Tourist-Information Meppen (TIM), bei der Theatergemeinde Meppen, bei der Emsland Touristik GmbH und beim Fotografen selbst unter www.foto-w\u00f6sten.de zum Preis von 18,- \u20ac erh\u00e4ltlich.<\/p>\n<p>Der gelungene Fotokalender enth\u00e4lt 12 Motive aus dem Emsland von Salzbergen im S\u00fcden mit dem Gut Stovern bis nach Papenburg im Norden mit einer winterlichen Ansicht der Stadtmitte.<\/p>\n<p>Auf weiteren Kalenderbl\u00e4ttern sieht der Betrachter folgende Motive: Moorgebiet Esterfelder Dose, Osterbrunnen in Lathen, Burgpark in Spelle-Venhaus, Schifffahrtsmuseum Haren, Hof Berentzen in Hasel\u00fcnne, Lingener Marktplatz, Heimathaus in Twist, Koppelschleuse in Meppen und die Skulptur \u201ePastor siene Kauh\u201c in Emsb\u00fcren. Als Titelfoto f\u00fcr den Kalender 2017 wurde das technische Kulturdenkmal H\u00fcvener M\u00fchle ausgew\u00e4hlt.<\/p>\n<p>Die gleichen Motive und das gleiche Titelfoto enth\u00e4lt auch ein Tischkalender, der mit den emsl\u00e4ndischen Motiven sicher so manchen Schreibtisch im kommenden Jahr zieren wird.<\/p>\n<p>Kalenderfotograf Heinz W\u00f6sten lebt in Haren und in Sulingen. Er hat f\u00fcnf Fotokalender \u00a0DIN A 3 f\u00fcr das Jahr 2017 aufgelegt: Das Emsland, Die Kreisstadt Meppen, Impressionen aus Sulingen und Umgebung, Impressionen aus der Region Mittelweser, Nienburg\/Weser.<\/p>\n<p>Alle Kalender werden auch in den kommenden Jahren fortgef\u00fchrt. Der eine oder andere Fotokalender von Orten aus dem Emsland bzw. der Region Mittelweser soll noch aufgelegt werden. Auch arbeitet H. W\u00f6sten an Bildb\u00e4nden von Meppen und Lingen.<\/p>\n<p>Text: Ingrid Cloppenburg \/ Foto: Kleimann<\/p>\n<div id=\"attachment_19850\" style=\"width: 310px\" class=\"wp-caption alignnone\"><a href=\"https:\/\/www.forum-soegel.de\/information\/wp-content\/uploads\/2016\/10\/Fotokalender-\u201eDas-Emsland\u201c-mit-der-H\u00fcvener-M\u00fchle-als-Titelbild-vorgestellt1.jpg\"><img loading=\"lazy\" decoding=\"async\" aria-describedby=\"caption-attachment-19850\" class=\"size-medium wp-image-19850\" title=\"Fotokalender \u201eDas Emsland\u201c mit der H\u00fcvener M\u00fchle als Titelbild vorgestellt1\" src=\"https:\/\/www.forum-soegel.de\/information\/wp-content\/uploads\/2016\/10\/Fotokalender-\u201eDas-Emsland\u201c-mit-der-H\u00fcvener-M\u00fchle-als-Titelbild-vorgestellt1-300x225.jpg\" alt=\"\" width=\"300\" height=\"225\" srcset=\"https:\/\/www.forum-soegel.de\/information\/wp-content\/uploads\/2016\/10\/Fotokalender-\u201eDas-Emsland\u201c-mit-der-H\u00fcvener-M\u00fchle-als-Titelbild-vorgestellt1-300x225.jpg 300w, https:\/\/www.forum-soegel.de\/information\/wp-content\/uploads\/2016\/10\/Fotokalender-\u201eDas-Emsland\u201c-mit-der-H\u00fcvener-M\u00fchle-als-Titelbild-vorgestellt1.jpg 1024w\" sizes=\"auto, (max-width: 300px) 100vw, 300px\" \/><\/a><p id=\"caption-attachment-19850\" class=\"wp-caption-text\">v.l.n.r. Daniela Kleimann, Friedhelm Kr\u00fc\u00dfel, Hedwig Fust-Sanders, Heinz W\u00f6sten, Wilhelm Geers<\/p><\/div>\n<p>&nbsp;<\/p>\n","protected":false},"excerpt":{"rendered":"S\u00f6gel &#8211; Nach 2016 wurde jetzt die neue Ausgabe 2017 des Fotokalenders \u201eDas Emsland\u201c im Infozentrum der H\u00fcvener M\u00fchle vorgestellt. Fotograf Heinz W\u00f6sten aus Haren \u00fcberreichte erste Exemplare mit der H\u00fcvener M\u00fchle als Titelfoto an die Vorstandsmitglieder Daniela Kleimann, Friedhelm Kr\u00fc\u00dfel, Hedwig Fust-Sanders und Wilhelm Geers vom F\u00f6rderkreises der H\u00fcvener M\u00fchle. Der Fotokalender im DIN [&hellip;]\n","protected":false},"author":2,"featured_media":0,"comment_status":"closed","ping_status":"closed","sticky":false,"template":"","format":"standard","meta":{"ngg_post_thumbnail":0,"footnotes":""},"categories":[3],"tags":[],"class_list":["post-19849","post","type-post","status-publish","format-standard","hentry","category-aktuelles-aus-der-region"],"_links":{"self":[{"href":"https:\/\/www.forum-soegel.de\/information\/wp-json\/wp\/v2\/posts\/19849","targetHints":{"allow":["GET"]}}],"collection":[{"href":"https:\/\/www.forum-soegel.de\/information\/wp-json\/wp\/v2\/posts"}],"about":[{"href":"https:\/\/www.forum-soegel.de\/information\/wp-json\/wp\/v2\/types\/post"}],"author":[{"embeddable":true,"href":"https:\/\/www.forum-soegel.de\/information\/wp-json\/wp\/v2\/users\/2"}],"replies":[{"embeddable":true,"href":"https:\/\/www.forum-soegel.de\/information\/wp-json\/wp\/v2\/comments?post=19849"}],"version-history":[{"count":1,"href":"https:\/\/www.forum-soegel.de\/information\/wp-json\/wp\/v2\/posts\/19849\/revisions"}],"predecessor-version":[{"id":19852,"href":"https:\/\/www.forum-soegel.de\/information\/wp-json\/wp\/v2\/posts\/19849\/revisions\/19852"}],"wp:attachment":[{"href":"https:\/\/www.forum-soegel.de\/information\/wp-json\/wp\/v2\/media?parent=19849"}],"wp:term":[{"taxonomy":"category","embeddable":true,"href":"https:\/\/www.forum-soegel.de\/information\/wp-json\/wp\/v2\/categories?post=19849"},{"taxonomy":"post_tag","embeddable":true,"href":"https:\/\/www.forum-soegel.de\/information\/wp-json\/wp\/v2\/tags?post=19849"}],"curies":[{"name":"wp","href":"https:\/\/api.w.org\/{rel}","templated":true}]}}