{"id":19845,"date":"2016-10-10T16:41:46","date_gmt":"2016-10-10T14:41:46","guid":{"rendered":"https:\/\/www.forum-soegel.de\/information\/?p=19845"},"modified":"2016-10-10T16:41:46","modified_gmt":"2016-10-10T14:41:46","slug":"feuerwehr-sogel-ubt-wasserrettung","status":"publish","type":"post","link":"https:\/\/www.forum-soegel.de\/information\/2016\/10\/feuerwehr-sogel-ubt-wasserrettung\/","title":{"rendered":"Feuerwehr S\u00f6gel \u00fcbt Wasserrettung"},"content":{"rendered":"<p>S\u00f6gel &#8211; Ungew\u00f6hnlich aber nicht ohne Hintergrund war der Inhalt einer der letzte Dienstabenden der Freiwilligen Feuerwehr S\u00f6gel. S\u00f6gel ist zwar nicht bekannt f\u00fcr viele offene Gew\u00e4sser, Fl\u00fcsse und Kan\u00e4le. Aber auch der Raddesee oder auch die Regenr\u00fcckhaltebecken k\u00f6nnen durchaus f\u00fcr gef\u00e4hrliche Situationen sorgen, wenn Personen ins Wasser geraten sind sich nicht mehr retten k\u00f6nnen. In Zusammenarbeit mit den beiden Ausbildern von der DLRG Lathen, Jens H\u00fcppmeier und Manuel Leuschner trainieren mehreren Kameraden die Menschenrettung im S\u00f6geler Freibad.<\/p>\n<p>Sowohl das Abschleppen aus dem Gew\u00e4sser als auch die Menschenrettung mittels Spineboard wurde mehrfach ge\u00fcbt. Auch wenn die Rettungsma\u00dfnahmen im Wasser viel Kraft und Koordination kosteten, machten es den Beteiligten Feuerwehrleuten viel Spa\u00df. Sie werden jetzt im Notfall die grunds\u00e4tzlichen Kenntnisse zur Menschenrettung aus Gew\u00e4ssern besser als bisher anwenden k\u00f6nnen.<\/p>\n<p>Text\/Foto: LB<\/p>\n<div id=\"attachment_19846\" style=\"width: 310px\" class=\"wp-caption alignnone\"><a href=\"https:\/\/www.forum-soegel.de\/information\/wp-content\/uploads\/2016\/10\/Feuerwehr-S\u00f6gel-\u00fcbt-Wasserrettung1.jpg\"><img loading=\"lazy\" decoding=\"async\" aria-describedby=\"caption-attachment-19846\" class=\"size-medium wp-image-19846\" title=\"Feuerwehr S\u00f6gel \u00fcbt Wasserrettung1\" src=\"https:\/\/www.forum-soegel.de\/information\/wp-content\/uploads\/2016\/10\/Feuerwehr-S\u00f6gel-\u00fcbt-Wasserrettung1-300x225.jpg\" alt=\"\" width=\"300\" height=\"225\" srcset=\"https:\/\/www.forum-soegel.de\/information\/wp-content\/uploads\/2016\/10\/Feuerwehr-S\u00f6gel-\u00fcbt-Wasserrettung1-300x225.jpg 300w, https:\/\/www.forum-soegel.de\/information\/wp-content\/uploads\/2016\/10\/Feuerwehr-S\u00f6gel-\u00fcbt-Wasserrettung1.jpg 1024w\" sizes=\"auto, (max-width: 300px) 100vw, 300px\" \/><\/a><p id=\"caption-attachment-19846\" class=\"wp-caption-text\">Unser Foto zeigt die Rettung mit dem Spineboard unter Anleitung von Jens H\u00fcppmeier.<\/p><\/div>\n<p><a href=\"https:\/\/www.forum-soegel.de\/information\/wp-content\/uploads\/2016\/10\/Feuerwehr-S\u00f6gel-\u00fcbt-Wasserrettung2.jpg\"><img loading=\"lazy\" decoding=\"async\" class=\"alignnone size-medium wp-image-19847\" title=\"Feuerwehr S\u00f6gel \u00fcbt Wasserrettung2\" src=\"https:\/\/www.forum-soegel.de\/information\/wp-content\/uploads\/2016\/10\/Feuerwehr-S\u00f6gel-\u00fcbt-Wasserrettung2-300x225.jpg\" alt=\"\" width=\"300\" height=\"225\" srcset=\"https:\/\/www.forum-soegel.de\/information\/wp-content\/uploads\/2016\/10\/Feuerwehr-S\u00f6gel-\u00fcbt-Wasserrettung2-300x225.jpg 300w, https:\/\/www.forum-soegel.de\/information\/wp-content\/uploads\/2016\/10\/Feuerwehr-S\u00f6gel-\u00fcbt-Wasserrettung2.jpg 1024w\" sizes=\"auto, (max-width: 300px) 100vw, 300px\" \/><\/a><\/p>\n","protected":false},"excerpt":{"rendered":"S\u00f6gel &#8211; Ungew\u00f6hnlich aber nicht ohne Hintergrund war der Inhalt einer der letzte Dienstabenden der Freiwilligen Feuerwehr S\u00f6gel. S\u00f6gel ist zwar nicht bekannt f\u00fcr viele offene Gew\u00e4sser, Fl\u00fcsse und Kan\u00e4le. Aber auch der Raddesee oder auch die Regenr\u00fcckhaltebecken k\u00f6nnen durchaus f\u00fcr gef\u00e4hrliche Situationen sorgen, wenn Personen ins Wasser geraten sind sich nicht mehr retten k\u00f6nnen. [&hellip;]\n","protected":false},"author":2,"featured_media":0,"comment_status":"closed","ping_status":"closed","sticky":false,"template":"","format":"standard","meta":{"ngg_post_thumbnail":0,"footnotes":""},"categories":[3],"tags":[],"class_list":["post-19845","post","type-post","status-publish","format-standard","hentry","category-aktuelles-aus-der-region"],"_links":{"self":[{"href":"https:\/\/www.forum-soegel.de\/information\/wp-json\/wp\/v2\/posts\/19845","targetHints":{"allow":["GET"]}}],"collection":[{"href":"https:\/\/www.forum-soegel.de\/information\/wp-json\/wp\/v2\/posts"}],"about":[{"href":"https:\/\/www.forum-soegel.de\/information\/wp-json\/wp\/v2\/types\/post"}],"author":[{"embeddable":true,"href":"https:\/\/www.forum-soegel.de\/information\/wp-json\/wp\/v2\/users\/2"}],"replies":[{"embeddable":true,"href":"https:\/\/www.forum-soegel.de\/information\/wp-json\/wp\/v2\/comments?post=19845"}],"version-history":[{"count":1,"href":"https:\/\/www.forum-soegel.de\/information\/wp-json\/wp\/v2\/posts\/19845\/revisions"}],"predecessor-version":[{"id":19848,"href":"https:\/\/www.forum-soegel.de\/information\/wp-json\/wp\/v2\/posts\/19845\/revisions\/19848"}],"wp:attachment":[{"href":"https:\/\/www.forum-soegel.de\/information\/wp-json\/wp\/v2\/media?parent=19845"}],"wp:term":[{"taxonomy":"category","embeddable":true,"href":"https:\/\/www.forum-soegel.de\/information\/wp-json\/wp\/v2\/categories?post=19845"},{"taxonomy":"post_tag","embeddable":true,"href":"https:\/\/www.forum-soegel.de\/information\/wp-json\/wp\/v2\/tags?post=19845"}],"curies":[{"name":"wp","href":"https:\/\/api.w.org\/{rel}","templated":true}]}}