{"id":19842,"date":"2016-10-10T16:39:28","date_gmt":"2016-10-10T14:39:28","guid":{"rendered":"https:\/\/www.forum-soegel.de\/information\/?p=19842"},"modified":"2016-10-10T16:39:28","modified_gmt":"2016-10-10T14:39:28","slug":"eltern-uberreichten-neues-schild-an-sprachheilkindergarten-sogel","status":"publish","type":"post","link":"https:\/\/www.forum-soegel.de\/information\/2016\/10\/eltern-uberreichten-neues-schild-an-sprachheilkindergarten-sogel\/","title":{"rendered":"Eltern \u00fcberreichten neues Schild an Sprachheilkindergarten S\u00f6gel"},"content":{"rendered":"<p>S\u00f6gel &#8211; Ein gro\u00dfes Schild aus Metall\u00a0 mit rostiger Patina weist nun auf den S\u00f6geler Standort des Sprachheilkindergartens hin. Der Gro\u00dfvater eines Kindes, das in der Einrichtung gef\u00f6rdert wurde, fertigte das Exponat.<\/p>\n<p>Nach einem feierlichen Gottesdienst mit Pater Edmund in der Schlosskirche und einem gemeinsamen Schmausen in dem Bewusstsein, dass ein Zusammenkommen in genau dieser Konstellation wohl nie wieder zustande kommen wird, \u00fcberreichten Eltern der sich verabschiedenden Kinder dieses eindrucksvolle Geschenk. \u201eWenn das Kindergartenjahr sich dem Ende zuneigt, ist unsere Einrichtung von zwei Stimmungen gepr\u00e4gt, die sich immer wieder gegenseitig \u00fcberlagern\u201c, sagte die Leiterin Theresia Vismann-T\u00f6bben. Denn einerseits ist das Team voller Freude, dass viele Kinder in Regeleinrichtungen entlassen k\u00f6nnen und diese \u201eGro\u00dfen\u201c erwartungsfroh in die Zukunft schauen. Andererseits schwebt auch ein Hauch von Wehmut mit, weil von liebgewonnenen Kindern Abschied genommen werden muss und vertraute Gruppen auseinandergerissen werden. Umso dankbarer zeigte sich das Team, dass dieser Jahrgang mit dem Schild in ganz besonderer Erinnerung bleiben wird. \u201eWir haben uns sehr gefreut, aber richtig zu Herzen gegangen ist uns eine Kleinigkeit an diesem Schild, die sich erst auf den zweiten Blick erschlie\u00dft\u201c, so die Leiterin weiter. Denn oben ist ein kleines Messingschild mit einer wichtigen Botschaft befestigt: Chancengleichheit besteht nicht darin, dass jeder einen Apfel pfl\u00fccken darf, sondern dass der Zwerg eine Leiter bekommt. (Reinhard Turre). Der Sprachheilkindergarten S\u00f6gel ist eine Au\u00dfenstelle des Sprachheilkindergartens Papenburg und ein Fachbereich vom St. Lukas-Heim in Papenburg. Dabei handelt es sich um eine Einrichtung der Eingliederungshilfe mit vielen differenzierten Hilfen. Tr\u00e4ger ist der Caritasverband Osnabr\u00fcck.<\/p>\n<p>Text\/Foto: St. Lukas-Heim Papenburg<\/p>\n<div id=\"attachment_19843\" style=\"width: 310px\" class=\"wp-caption alignnone\"><a href=\"https:\/\/www.forum-soegel.de\/information\/wp-content\/uploads\/2016\/10\/Eltern-\u00fcberreichten-neues-Schild-an-Sprachheilkindergarten-S\u00f6gel.jpg\"><img loading=\"lazy\" decoding=\"async\" aria-describedby=\"caption-attachment-19843\" class=\"size-medium wp-image-19843\" title=\"Eltern \u00fcberreichten neues Schild an Sprachheilkindergarten S\u00f6gel\" src=\"https:\/\/www.forum-soegel.de\/information\/wp-content\/uploads\/2016\/10\/Eltern-\u00fcberreichten-neues-Schild-an-Sprachheilkindergarten-S\u00f6gel-300x218.jpg\" alt=\"\" width=\"300\" height=\"218\" srcset=\"https:\/\/www.forum-soegel.de\/information\/wp-content\/uploads\/2016\/10\/Eltern-\u00fcberreichten-neues-Schild-an-Sprachheilkindergarten-S\u00f6gel-300x218.jpg 300w, https:\/\/www.forum-soegel.de\/information\/wp-content\/uploads\/2016\/10\/Eltern-\u00fcberreichten-neues-Schild-an-Sprachheilkindergarten-S\u00f6gel.jpg 1024w\" sizes=\"auto, (max-width: 300px) 100vw, 300px\" \/><\/a><p id=\"caption-attachment-19843\" class=\"wp-caption-text\">Stolz sind die Therapeuten und P\u00e4dagogen des Sprachheilkindergartens S\u00f6gel \u00fcber ihr neues Hinweisschild.<\/p><\/div>\n","protected":false},"excerpt":{"rendered":"S\u00f6gel &#8211; Ein gro\u00dfes Schild aus Metall\u00a0 mit rostiger Patina weist nun auf den S\u00f6geler Standort des Sprachheilkindergartens hin. Der Gro\u00dfvater eines Kindes, das in der Einrichtung gef\u00f6rdert wurde, fertigte das Exponat. Nach einem feierlichen Gottesdienst mit Pater Edmund in der Schlosskirche und einem gemeinsamen Schmausen in dem Bewusstsein, dass ein Zusammenkommen in genau dieser [&hellip;]\n","protected":false},"author":2,"featured_media":0,"comment_status":"closed","ping_status":"closed","sticky":false,"template":"","format":"standard","meta":{"ngg_post_thumbnail":0,"footnotes":""},"categories":[3],"tags":[],"class_list":["post-19842","post","type-post","status-publish","format-standard","hentry","category-aktuelles-aus-der-region"],"_links":{"self":[{"href":"https:\/\/www.forum-soegel.de\/information\/wp-json\/wp\/v2\/posts\/19842","targetHints":{"allow":["GET"]}}],"collection":[{"href":"https:\/\/www.forum-soegel.de\/information\/wp-json\/wp\/v2\/posts"}],"about":[{"href":"https:\/\/www.forum-soegel.de\/information\/wp-json\/wp\/v2\/types\/post"}],"author":[{"embeddable":true,"href":"https:\/\/www.forum-soegel.de\/information\/wp-json\/wp\/v2\/users\/2"}],"replies":[{"embeddable":true,"href":"https:\/\/www.forum-soegel.de\/information\/wp-json\/wp\/v2\/comments?post=19842"}],"version-history":[{"count":1,"href":"https:\/\/www.forum-soegel.de\/information\/wp-json\/wp\/v2\/posts\/19842\/revisions"}],"predecessor-version":[{"id":19844,"href":"https:\/\/www.forum-soegel.de\/information\/wp-json\/wp\/v2\/posts\/19842\/revisions\/19844"}],"wp:attachment":[{"href":"https:\/\/www.forum-soegel.de\/information\/wp-json\/wp\/v2\/media?parent=19842"}],"wp:term":[{"taxonomy":"category","embeddable":true,"href":"https:\/\/www.forum-soegel.de\/information\/wp-json\/wp\/v2\/categories?post=19842"},{"taxonomy":"post_tag","embeddable":true,"href":"https:\/\/www.forum-soegel.de\/information\/wp-json\/wp\/v2\/tags?post=19842"}],"curies":[{"name":"wp","href":"https:\/\/api.w.org\/{rel}","templated":true}]}}