{"id":19837,"date":"2016-10-10T16:36:53","date_gmt":"2016-10-10T14:36:53","guid":{"rendered":"https:\/\/www.forum-soegel.de\/information\/?p=19837"},"modified":"2016-10-10T16:36:53","modified_gmt":"2016-10-10T14:36:53","slug":"ein-schiff-wird-kommen","status":"publish","type":"post","link":"https:\/\/www.forum-soegel.de\/information\/2016\/10\/ein-schiff-wird-kommen\/","title":{"rendered":"Ein Schiff wird kommen"},"content":{"rendered":"<p align=\"left\">S\u00f6gel &#8211; Das diesj\u00e4hrige Jahresfest im Haus Simeon, das einundzwanzigste, hatte zwei Besonderheiten. Es fand erstmalig nicht am 04. September, sondern einen Tag sp\u00e4ter statt. Das wiederum hatte mit dem zweiten Besonderen zu tun.<\/p>\n<p align=\"left\">Aber der Reihe nach.<\/p>\n<p align=\"left\">Zun\u00e4chst begr\u00fc\u00dfte\u00a0 Heimleiter Andreas V\u00f6llering die Bewohnerinnen und Bewohner, deren Angeh\u00f6rige sowie die Nachbarn aus dem Betreuten Wohnen und die G\u00e4ste aus dem Partnerhaus Simeon Lathen.<strong><em><\/em><\/strong><\/p>\n<p align=\"left\">Wir haben, so V\u00f6llering, weder Kosten noch M\u00fche gescheut f\u00fcr den heutigen Geburtstag, den wir als norddeutsches K\u00fcstenfest feiern wollen, die komplette Unterhaltungsprominenz des Emslandes einzuladen.<\/p>\n<p align=\"left\">Dazu geh\u00f6rte neben der Haus-und Hofkapelle \u201eDie Trecksacksp\u00e4ler, die Tanzgruppe des Heimatvereins, die sich diesmal auf Darbietungen aus der Rocken roll Szene konzentrierte sowie \u00a0nun die zweite Besonderheit, erstmalig der Shanty Chor Fresenburg. Damit bildete der musikalisch von Meer, Wind und Seefahrt gepr\u00e4gte Rahmen diesen Geburtstag. Auch die G\u00e4ste aus Lathen haben sich angepasst. Passend dazu nat\u00fcrlich auch das kulinarische Angebot.<\/p>\n<p align=\"left\">Es gab feinen Hering, Matjes und Bratkartoffel sowie Bier \u2013 in allen Variationen.<\/p>\n<p align=\"left\">Zwei Damen fanden ihre Aufmerksamkeit, die Bewohnerin Margret Fischer feierte ihren einundzwanzigsten Jahrestag im Haus Simeon<\/p>\n<p align=\"left\">\u201eGut, dass Sie es solange mit uns ausgehalten haben\u201c so der Spruch der Heimleitung. Eine nette \u00dcberraschung hatte Frau G\u00f6llner aus dem Betreuten Wohnen parat. Sie trug ein selbstverfasstes Gedicht vor, welches sich auf die Lebensweise des Alters bezog-und mit dem passenden Satz endete \u201eEin herzliches Vergelt\u2019s Gott m\u00f6chte ich jetzt schon sagen, und alles Weitre den bew\u00e4hrten H\u00e4nden \u00fcbertragen\u201c. Ein kleines Dankesch\u00f6n so kann man es interpretieren, an die Heimleitung und die Mitarbeiterinnen und Mitarbeiter.<\/p>\n<p align=\"left\">Text\/Foto: Klaus Sch\u00e4ffner<\/p>\n<p align=\"left\"><a href=\"https:\/\/www.forum-soegel.de\/information\/wp-content\/uploads\/2016\/10\/Ein-Schiff-wird-kommen1.jpg\"><img loading=\"lazy\" decoding=\"async\" class=\"alignnone size-thumbnail wp-image-19838\" title=\"Ein Schiff wird kommen1\" src=\"https:\/\/www.forum-soegel.de\/information\/wp-content\/uploads\/2016\/10\/Ein-Schiff-wird-kommen1-150x150.jpg\" alt=\"\" width=\"150\" height=\"150\" \/><\/a>\u00a0\u00a0<a href=\"https:\/\/www.forum-soegel.de\/information\/wp-content\/uploads\/2016\/10\/Ein-Schiff-wird-kommen2.jpg\"><img loading=\"lazy\" decoding=\"async\" class=\"alignnone size-thumbnail wp-image-19839\" title=\"Ein Schiff wird kommen2\" src=\"https:\/\/www.forum-soegel.de\/information\/wp-content\/uploads\/2016\/10\/Ein-Schiff-wird-kommen2-150x150.jpg\" alt=\"\" width=\"150\" height=\"150\" \/><\/a>\u00a0\u00a0<a href=\"https:\/\/www.forum-soegel.de\/information\/wp-content\/uploads\/2016\/10\/Ein-Schiff-wird-kommen3.jpg\"><img loading=\"lazy\" decoding=\"async\" class=\"alignnone size-thumbnail wp-image-19840\" title=\"Ein Schiff wird kommen3\" src=\"https:\/\/www.forum-soegel.de\/information\/wp-content\/uploads\/2016\/10\/Ein-Schiff-wird-kommen3-150x150.jpg\" alt=\"\" width=\"150\" height=\"150\" \/><\/a><\/p>\n<p align=\"left\">\n","protected":false},"excerpt":{"rendered":"S\u00f6gel &#8211; Das diesj\u00e4hrige Jahresfest im Haus Simeon, das einundzwanzigste, hatte zwei Besonderheiten. Es fand erstmalig nicht am 04. September, sondern einen Tag sp\u00e4ter statt. Das wiederum hatte mit dem zweiten Besonderen zu tun. Aber der Reihe nach. Zun\u00e4chst begr\u00fc\u00dfte\u00a0 Heimleiter Andreas V\u00f6llering die Bewohnerinnen und Bewohner, deren Angeh\u00f6rige sowie die Nachbarn aus dem Betreuten [&hellip;]\n","protected":false},"author":2,"featured_media":0,"comment_status":"closed","ping_status":"closed","sticky":false,"template":"","format":"standard","meta":{"ngg_post_thumbnail":0,"footnotes":""},"categories":[3],"tags":[],"class_list":["post-19837","post","type-post","status-publish","format-standard","hentry","category-aktuelles-aus-der-region"],"_links":{"self":[{"href":"https:\/\/www.forum-soegel.de\/information\/wp-json\/wp\/v2\/posts\/19837","targetHints":{"allow":["GET"]}}],"collection":[{"href":"https:\/\/www.forum-soegel.de\/information\/wp-json\/wp\/v2\/posts"}],"about":[{"href":"https:\/\/www.forum-soegel.de\/information\/wp-json\/wp\/v2\/types\/post"}],"author":[{"embeddable":true,"href":"https:\/\/www.forum-soegel.de\/information\/wp-json\/wp\/v2\/users\/2"}],"replies":[{"embeddable":true,"href":"https:\/\/www.forum-soegel.de\/information\/wp-json\/wp\/v2\/comments?post=19837"}],"version-history":[{"count":1,"href":"https:\/\/www.forum-soegel.de\/information\/wp-json\/wp\/v2\/posts\/19837\/revisions"}],"predecessor-version":[{"id":19841,"href":"https:\/\/www.forum-soegel.de\/information\/wp-json\/wp\/v2\/posts\/19837\/revisions\/19841"}],"wp:attachment":[{"href":"https:\/\/www.forum-soegel.de\/information\/wp-json\/wp\/v2\/media?parent=19837"}],"wp:term":[{"taxonomy":"category","embeddable":true,"href":"https:\/\/www.forum-soegel.de\/information\/wp-json\/wp\/v2\/categories?post=19837"},{"taxonomy":"post_tag","embeddable":true,"href":"https:\/\/www.forum-soegel.de\/information\/wp-json\/wp\/v2\/tags?post=19837"}],"curies":[{"name":"wp","href":"https:\/\/api.w.org\/{rel}","templated":true}]}}