{"id":19834,"date":"2016-10-10T16:34:08","date_gmt":"2016-10-10T14:34:08","guid":{"rendered":"https:\/\/www.forum-soegel.de\/information\/?p=19834"},"modified":"2016-10-10T16:34:08","modified_gmt":"2016-10-10T14:34:08","slug":"%e2%80%9eder-mensch-denkt-gott-lenkt","status":"publish","type":"post","link":"https:\/\/www.forum-soegel.de\/information\/2016\/10\/%e2%80%9eder-mensch-denkt-gott-lenkt\/","title":{"rendered":"\u201eDer Mensch denkt, Gott lenkt&#8220;"},"content":{"rendered":"<p style=\"text-align: left;\" align=\"center\"><strong>Dieser Grundsatz gilt nicht f\u00fcr Autofahrer<\/strong><\/p>\n<p style=\"text-align: left;\" align=\"center\"><strong><\/strong>S\u00f6gel &#8211; Das dachten sich auch Joachim Domning und seine Frau. Sie suchten eine Fahrschule auf und wollten sich einmal vergewissern, wie weit ihr fahrtechnisches K\u00f6nnen altersbedingt noch ausreicht.<\/p>\n<p>Die T\u00fcr stand offen und sie trafen auf einen fr\u00f6hlichen jungen Mann, der ihre Gedanken sofort positiv aufnahm. Es ist sicherlich eine ungewohnte Situation, keine Fahranf\u00e4nger zu begleiten, sondern erfahrene Verkehrsteilnehmer, deren Pr\u00fcfung Jahrzehnte und viele tausend Autokilometer zur\u00fcck liegen. Menschen, die ihre Erfahrungen in Ballungsgebieten wie \u00a0Ruhrgebiet oder Frankfurt, aber auch in l\u00e4ndlichen Regionen gesammelt haben.<\/p>\n<p>Aber Timo Borgmann als Fahrlehrer sah die Situation richtig.<\/p>\n<p>\u201eDas Fahren im \u00f6ffentlichen Stra\u00dfenverkehr wird immer komplexer und erfordert immer mehr Konzentration\u201c, so Borgmann.<\/p>\n<p>Viele Autofahrer kommen mit dieser Situation gut zurecht, man entwickelt eine Routine, f\u00e4hrt mit dem Strom. In Gefahrensituationen greift man auf die gemachten Erfahrungen zur\u00fcck und handelt dementsprechend. Aber genau dort liegt die Gefahr, der Mensch ist ein Gewohnheitstier.<\/p>\n<p>Domnings Res\u00fcmee: Wir haben einiges Neue dazugelernt, manch alte Gewohnheit neu \u00fcberdacht, hatten Spa\u00df und einen regen Austausch an Erfahrungen.<\/p>\n<p>Kurz, es war hilfreich und f\u00fcr die Sicherheit aller am Verkehr Beteiligten ein Gewinn. Daf\u00fcr sagen wir unserem Fahrlehrer einen herzlichen Dank.<\/p>\n<p>Es w\u00e4re w\u00fcnschenswert, wenn viele Autofahrer im\u00a0 \u201efortgeschrittenen Alter nach vielen Jahren Fahrpraxis mal so etwas machen \u2013 und nicht warten, bis es der Gesetzgeber vorschreibt.<\/p>\n<p>Frei nach dem Motto der Sesamstra\u00dfe: \u201eWieso, weshalb, warum, wer nicht fragt bleibt dumm.\u201c<\/p>\n<p>Text: Klaus Sch\u00e4ffner \u2013 Zusammenfassung nach \u00a0J. Domning\/T.Borgmann \/ Foto: Joachim Domning<\/p>\n<p><a href=\"https:\/\/www.forum-soegel.de\/information\/wp-content\/uploads\/2016\/10\/Der-Mensch-denkt-Gott-lenkt.jpg\"><img loading=\"lazy\" decoding=\"async\" class=\"alignnone size-medium wp-image-19835\" title=\"Der Mensch denkt, Gott lenkt\" src=\"https:\/\/www.forum-soegel.de\/information\/wp-content\/uploads\/2016\/10\/Der-Mensch-denkt-Gott-lenkt-300x225.jpg\" alt=\"\" width=\"300\" height=\"225\" srcset=\"https:\/\/www.forum-soegel.de\/information\/wp-content\/uploads\/2016\/10\/Der-Mensch-denkt-Gott-lenkt-300x225.jpg 300w, https:\/\/www.forum-soegel.de\/information\/wp-content\/uploads\/2016\/10\/Der-Mensch-denkt-Gott-lenkt.jpg 1024w\" sizes=\"auto, (max-width: 300px) 100vw, 300px\" \/><\/a><\/p>\n<p><strong>\u00a0<\/strong><\/p>\n","protected":false},"excerpt":{"rendered":"Dieser Grundsatz gilt nicht f\u00fcr Autofahrer S\u00f6gel &#8211; Das dachten sich auch Joachim Domning und seine Frau. Sie suchten eine Fahrschule auf und wollten sich einmal vergewissern, wie weit ihr fahrtechnisches K\u00f6nnen altersbedingt noch ausreicht. Die T\u00fcr stand offen und sie trafen auf einen fr\u00f6hlichen jungen Mann, der ihre Gedanken sofort positiv aufnahm. Es ist [&hellip;]\n","protected":false},"author":2,"featured_media":0,"comment_status":"closed","ping_status":"closed","sticky":false,"template":"","format":"standard","meta":{"ngg_post_thumbnail":0,"footnotes":""},"categories":[3],"tags":[],"class_list":["post-19834","post","type-post","status-publish","format-standard","hentry","category-aktuelles-aus-der-region"],"_links":{"self":[{"href":"https:\/\/www.forum-soegel.de\/information\/wp-json\/wp\/v2\/posts\/19834","targetHints":{"allow":["GET"]}}],"collection":[{"href":"https:\/\/www.forum-soegel.de\/information\/wp-json\/wp\/v2\/posts"}],"about":[{"href":"https:\/\/www.forum-soegel.de\/information\/wp-json\/wp\/v2\/types\/post"}],"author":[{"embeddable":true,"href":"https:\/\/www.forum-soegel.de\/information\/wp-json\/wp\/v2\/users\/2"}],"replies":[{"embeddable":true,"href":"https:\/\/www.forum-soegel.de\/information\/wp-json\/wp\/v2\/comments?post=19834"}],"version-history":[{"count":1,"href":"https:\/\/www.forum-soegel.de\/information\/wp-json\/wp\/v2\/posts\/19834\/revisions"}],"predecessor-version":[{"id":19836,"href":"https:\/\/www.forum-soegel.de\/information\/wp-json\/wp\/v2\/posts\/19834\/revisions\/19836"}],"wp:attachment":[{"href":"https:\/\/www.forum-soegel.de\/information\/wp-json\/wp\/v2\/media?parent=19834"}],"wp:term":[{"taxonomy":"category","embeddable":true,"href":"https:\/\/www.forum-soegel.de\/information\/wp-json\/wp\/v2\/categories?post=19834"},{"taxonomy":"post_tag","embeddable":true,"href":"https:\/\/www.forum-soegel.de\/information\/wp-json\/wp\/v2\/tags?post=19834"}],"curies":[{"name":"wp","href":"https:\/\/api.w.org\/{rel}","templated":true}]}}