{"id":19829,"date":"2016-10-10T16:31:09","date_gmt":"2016-10-10T14:31:09","guid":{"rendered":"https:\/\/www.forum-soegel.de\/information\/?p=19829"},"modified":"2016-10-10T16:31:09","modified_gmt":"2016-10-10T14:31:09","slug":"burgertour","status":"publish","type":"post","link":"https:\/\/www.forum-soegel.de\/information\/2016\/10\/burgertour\/","title":{"rendered":"B\u00fcrgertour"},"content":{"rendered":"<p align=\"left\">Spahnharrenst\u00e4tte &#8211; Am 20. August hatte die CDU &#8211; Spahnharrenst\u00e4tte zu einer B\u00fcrgertour in die Naturschutzgebiete \u201eTheikenmeer&#8220; und die \u201eMoorwiesen am Theikenmeer&#8220; eingeladen.<\/p>\n<p align=\"left\">Etwa 40 B\u00fcrgerinnen und B\u00fcrger trafen sich um 14.30 Uhr auf dem D\u00f6rpsplatz, um an dieser B\u00fcrgertour teilzunehmen. Mit dabei waren die Gemeinderatskandidaten der CDU und die Kreistagskandidatin der CDU f\u00fcr Spahnharrenst\u00e4tte und Werpeloh, Frau Rita Hagenhoff.<\/p>\n<p align=\"left\">Am Beginn der B\u00fcrgertour wurde den Teilnehmern Kaffee und Kuchen geboten. Anschlie\u00dfend wurden die Teilnehmer mit Planwagen zu den Moorwiesen in das Naturschutzgebiet gefahren.<\/p>\n<p align=\"left\">Dort warteten die Herren Neubert und Meyerrenken von der NABU. Neubert erkl\u00e4rte zu Beginn den Sinn der beiden Naturschutzgebiete \u201eTheikenmeer&#8220; und\u00a0 \u201eMoorwiesen am Theikenmeer&#8220;. Das Theikenmeer soll renaturiert werden und die Moorwiesen werden verwallt, damit sich wieder Hochmoor bilden kann und sich entsprechende Moorwiesenv\u00f6gel wieder ansiedeln k\u00f6nnen. In der Wehmer Dose findet man heute noch Hochmoor mit einer durchschnittlichen Torfh\u00f6he von ca. 2,5m.<\/p>\n<p align=\"left\">Anschlie\u00dfend zeigten Neubert und Meyerrenken ein bereits verwalltes Gebiet und erkl\u00e4rten, in welchen Phasen die Moorwiesen sich in ihren urspr\u00fcnglichen Zustand zur\u00fcckverwandeln. \u201eDas werden wir alle nicht mehr erleben&#8220;, war die Antwort auf die Frage, von welchen Zeitr\u00e4umen hier gesprochen wird.<\/p>\n<p align=\"left\">W\u00e4hrend die Erwachsenen durch die NABU informiert wurden, bauten die Kinder unter der Anleitung von Georg Dickebohm Nistk\u00e4sten, die dann auf dem D\u00f6rpsplatz aufgeh\u00e4ngt werden sollen.<\/p>\n<p align=\"left\">F\u00fcr alle, die sich auch \u00fcber das Theikenmeer und die Moorwiesen Infomieren wollen, bietet der NABU regelm\u00e4\u00dfig F\u00fchrungen an.<\/p>\n<p align=\"left\">Die B\u00fcrgertour endete wieder auf dem D\u00f6rpsplatz. Dort bot die CDU-Spahnharrenst\u00e4tte den Teilnehmern Grillbratw\u00fcrste zur St\u00e4rkung f\u00fcr den Heimweg an. Es war eine gelungene und informative Veranstaltung.<\/p>\n<p align=\"left\">Der CDU-Ortsvorstand bedankt sich bei allen Teilnehmern und Helfern.<\/p>\n<p align=\"left\">Text\/Foto: WR, SPH-V<\/p>\n<p align=\"left\"><a href=\"https:\/\/www.forum-soegel.de\/information\/wp-content\/uploads\/2016\/10\/B\u00fcrgertour1.jpg\"><img loading=\"lazy\" decoding=\"async\" class=\"alignnone size-thumbnail wp-image-19830\" title=\"B\u00fcrgertour1\" src=\"https:\/\/www.forum-soegel.de\/information\/wp-content\/uploads\/2016\/10\/B\u00fcrgertour1-150x150.jpg\" alt=\"\" width=\"150\" height=\"150\" \/><\/a>\u00a0\u00a0<a href=\"https:\/\/www.forum-soegel.de\/information\/wp-content\/uploads\/2016\/10\/B\u00fcrgertour2.jpg\"><img loading=\"lazy\" decoding=\"async\" class=\"alignnone size-thumbnail wp-image-19831\" title=\"B\u00fcrgertour2\" src=\"https:\/\/www.forum-soegel.de\/information\/wp-content\/uploads\/2016\/10\/B\u00fcrgertour2-150x150.jpg\" alt=\"\" width=\"150\" height=\"150\" \/><\/a>\u00a0\u00a0<a href=\"https:\/\/www.forum-soegel.de\/information\/wp-content\/uploads\/2016\/10\/B\u00fcrgertour3.jpg\"><img loading=\"lazy\" decoding=\"async\" class=\"alignnone size-thumbnail wp-image-19832\" title=\"B\u00fcrgertour3\" src=\"https:\/\/www.forum-soegel.de\/information\/wp-content\/uploads\/2016\/10\/B\u00fcrgertour3-150x150.jpg\" alt=\"\" width=\"150\" height=\"150\" \/><\/a><\/p>\n","protected":false},"excerpt":{"rendered":"Spahnharrenst\u00e4tte &#8211; Am 20. August hatte die CDU &#8211; Spahnharrenst\u00e4tte zu einer B\u00fcrgertour in die Naturschutzgebiete \u201eTheikenmeer&#8220; und die \u201eMoorwiesen am Theikenmeer&#8220; eingeladen. Etwa 40 B\u00fcrgerinnen und B\u00fcrger trafen sich um 14.30 Uhr auf dem D\u00f6rpsplatz, um an dieser B\u00fcrgertour teilzunehmen. Mit dabei waren die Gemeinderatskandidaten der CDU und die Kreistagskandidatin der CDU f\u00fcr Spahnharrenst\u00e4tte [&hellip;]\n","protected":false},"author":2,"featured_media":0,"comment_status":"closed","ping_status":"closed","sticky":false,"template":"","format":"standard","meta":{"ngg_post_thumbnail":0,"footnotes":""},"categories":[3],"tags":[],"class_list":["post-19829","post","type-post","status-publish","format-standard","hentry","category-aktuelles-aus-der-region"],"_links":{"self":[{"href":"https:\/\/www.forum-soegel.de\/information\/wp-json\/wp\/v2\/posts\/19829","targetHints":{"allow":["GET"]}}],"collection":[{"href":"https:\/\/www.forum-soegel.de\/information\/wp-json\/wp\/v2\/posts"}],"about":[{"href":"https:\/\/www.forum-soegel.de\/information\/wp-json\/wp\/v2\/types\/post"}],"author":[{"embeddable":true,"href":"https:\/\/www.forum-soegel.de\/information\/wp-json\/wp\/v2\/users\/2"}],"replies":[{"embeddable":true,"href":"https:\/\/www.forum-soegel.de\/information\/wp-json\/wp\/v2\/comments?post=19829"}],"version-history":[{"count":1,"href":"https:\/\/www.forum-soegel.de\/information\/wp-json\/wp\/v2\/posts\/19829\/revisions"}],"predecessor-version":[{"id":19833,"href":"https:\/\/www.forum-soegel.de\/information\/wp-json\/wp\/v2\/posts\/19829\/revisions\/19833"}],"wp:attachment":[{"href":"https:\/\/www.forum-soegel.de\/information\/wp-json\/wp\/v2\/media?parent=19829"}],"wp:term":[{"taxonomy":"category","embeddable":true,"href":"https:\/\/www.forum-soegel.de\/information\/wp-json\/wp\/v2\/categories?post=19829"},{"taxonomy":"post_tag","embeddable":true,"href":"https:\/\/www.forum-soegel.de\/information\/wp-json\/wp\/v2\/tags?post=19829"}],"curies":[{"name":"wp","href":"https:\/\/api.w.org\/{rel}","templated":true}]}}