{"id":19826,"date":"2016-10-10T16:29:16","date_gmt":"2016-10-10T14:29:16","guid":{"rendered":"https:\/\/www.forum-soegel.de\/information\/?p=19826"},"modified":"2016-10-10T16:29:16","modified_gmt":"2016-10-10T14:29:16","slug":"borger-bekommt-noch-mehr-highspeed-internet","status":"publish","type":"post","link":"https:\/\/www.forum-soegel.de\/information\/2016\/10\/borger-bekommt-noch-mehr-highspeed-internet\/","title":{"rendered":"B\u00f6rger bekommt noch mehr Highspeed-Internet"},"content":{"rendered":"<p>B\u00f6rger &#8211; Der regionale Telekommunikationsanbieter EWE TEL verbessert die Breitbandversorgung in B\u00f6rger noch weiter. K\u00fcnftig profitieren \u00fcber 600 potenzielle Haushalte von dem weiteren Ausbau in der Gemeinde. \u00dcber den Start der Erschlie\u00dfungsarbeiten informierten heute Hermann W\u00f6ste, B\u00fcrgermeister der Gemeinde B\u00f6rger, G\u00fcnter Wigbers, Samtgemeindeb\u00fcrgermeister S\u00f6gel und Gerd Niemann, EWE-Kommunalbetreuer f\u00fcr die Region Cloppenburg\/Emsland.<\/p>\n<p>Erschlie\u00dfung von vier Kabelverzweigern f\u00fcr Highspeed-Internet<\/p>\n<p>EWE erschlie\u00dft in B\u00f6rger vier sogenannte Kabelverzweiger mit eigener Technik und macht damit schnelleres Internet f\u00fcr \u00fcber 600 weitere Haushalte m\u00f6glich. An den Kabelverzweigern sind die einzelnen Teilnehmeranschlussleitungen der jeweiligen Haushalte geb\u00fcndelt. Bei einer Erschlie\u00dfung f\u00fchrt EWE seine Glasfaserkabel an den Kabelverzweiger heran und erm\u00f6glicht so in Kombination mit der Zusatztechnologie Vectoring Bandbreiten von bis zu 100 Mbit\/s. Wie hoch die Daten\u00fcbertragungsrate beim einzelnen Haushalt ist, h\u00e4ngt allerdings weiterhin von der L\u00e4nge und Qualit\u00e4t der kupfernen Hausleitung ab.<\/p>\n<p>Im Vorfeld hat in B\u00f6rger eine sogenannte Markterkundung stattgefunden. Es musste eine ausreichende Anzahl an Vorvertr\u00e4gen gesammelt werden, um den Ausbau wirtschaftlich realisierbar zu machen. Durch den Einsatz der B\u00fcrgerinnen und B\u00fcrger der Gemeinde konnte die Zielzahl erreicht werden.<\/p>\n<p>\u201eWir freuen uns, dass die sogenannte Markterkundung erfolgreich war. Wir haben bereits im vergangenen Jahr rund 200 potenzielle Haushalte in B\u00f6rger an unser Glasfasernetz anschlie\u00dfen k\u00f6nnen. Unser Ziel ist es, die Gemeinde gro\u00dffl\u00e4chig zu erschlie\u00dfen. Wir freuen uns, dass der n\u00e4chste Schritt getan ist und wir \u00fcber 600 weitere Haushalte mit schnellerem Internet versorgen k\u00f6nnen\u201c, erkl\u00e4rt Gerd Niemann, EWE-Kommunalbetreuer f\u00fcr die Region Cloppenburg\/Emsland.<\/p>\n<p>Zusammen mit den Erschlie\u00dfungen in den vergangenen Jahren sind es dann Ende des Jahres insgesamt rund 1.000 potenzielle Haushalte in B\u00f6rger, die EWE-Highspeed-Internet nutzen k\u00f6nnen. \u201eWir freuen uns \u00fcber das gro\u00dfe Engagement unserer B\u00fcrgerinnen und B\u00fcrger am Breitbandausbau in der Gemeinde. Durch den Ausbau nutzen wir die Chance, B\u00f6rger sowohl f\u00fcr gewerbliche, als auch f\u00fcr private Internetnutzer noch ansprechender zu machen\u201c, so B\u00fcrgermeister W\u00f6ste.<\/p>\n<p>G\u00fcnter Wigbers, Samtgemeindeb\u00fcrgermeister S\u00f6gel, sagt: \u201eWir freuen uns, dass wir mit weiteren Hochgeschwindigkeitsanschl\u00fcssen zur Verbesserung der Lebensqualit\u00e4t in der Samtgemeinde beitragen k\u00f6nnen.\u201c<\/p>\n<p>Schnelleres Internet ab Ende des Jahres verf\u00fcgbar<\/p>\n<p>Der Telefon- und Internetspezialist treibt die Ausbauarbeiten in B\u00f6rger eigenwirtschaftlich voran. Die Erschlie\u00dfungsarbeiten werden voraussichtlich bis Ende des Jahres fertiggestellt sein. Alle profitierenden Haushalte werden fr\u00fchzeitig benachrichtigt. N\u00e4here Informationen und Beratung zum Highspeed-Internet in der Gemeinde B\u00f6rger erhalten Interessierte in den EWE-ServicePunkten (z.B. Deverweg 29 in Papenburg), im Internet unter www.ewe.de und \u00fcber die kostenlose Infoline 0800 393 2000.<\/p>\n<p>Text\/ Foto: Samtgemeinde S\u00f6gel<\/p>\n<div id=\"attachment_19827\" style=\"width: 310px\" class=\"wp-caption alignnone\"><a href=\"https:\/\/www.forum-soegel.de\/information\/wp-content\/uploads\/2016\/10\/B\u00f6rger-bekommt-noch-mehr-Highspeed-Internet.jpg\"><img loading=\"lazy\" decoding=\"async\" aria-describedby=\"caption-attachment-19827\" class=\"size-medium wp-image-19827\" title=\"B\u00f6rger bekommt noch mehr Highspeed-Internet\" src=\"https:\/\/www.forum-soegel.de\/information\/wp-content\/uploads\/2016\/10\/B\u00f6rger-bekommt-noch-mehr-Highspeed-Internet-300x225.jpg\" alt=\"\" width=\"300\" height=\"225\" srcset=\"https:\/\/www.forum-soegel.de\/information\/wp-content\/uploads\/2016\/10\/B\u00f6rger-bekommt-noch-mehr-Highspeed-Internet-300x225.jpg 300w, https:\/\/www.forum-soegel.de\/information\/wp-content\/uploads\/2016\/10\/B\u00f6rger-bekommt-noch-mehr-Highspeed-Internet.jpg 1024w\" sizes=\"auto, (max-width: 300px) 100vw, 300px\" \/><\/a><p id=\"caption-attachment-19827\" class=\"wp-caption-text\">\u00dcber eine Verbesserung der Breitbandversorgung in der Gemeinde B\u00f6rger freuen sich die Vertreter der Gemeinde B\u00f6rger und der Samtgemeinde S\u00f6gel gleicherma\u00dfen wie der regionale Telekommunikationsanbieter EWE TEL.<\/p><\/div>\n","protected":false},"excerpt":{"rendered":"B\u00f6rger &#8211; Der regionale Telekommunikationsanbieter EWE TEL verbessert die Breitbandversorgung in B\u00f6rger noch weiter. K\u00fcnftig profitieren \u00fcber 600 potenzielle Haushalte von dem weiteren Ausbau in der Gemeinde. \u00dcber den Start der Erschlie\u00dfungsarbeiten informierten heute Hermann W\u00f6ste, B\u00fcrgermeister der Gemeinde B\u00f6rger, G\u00fcnter Wigbers, Samtgemeindeb\u00fcrgermeister S\u00f6gel und Gerd Niemann, EWE-Kommunalbetreuer f\u00fcr die Region Cloppenburg\/Emsland. Erschlie\u00dfung von vier [&hellip;]\n","protected":false},"author":2,"featured_media":0,"comment_status":"closed","ping_status":"closed","sticky":false,"template":"","format":"standard","meta":{"ngg_post_thumbnail":0,"footnotes":""},"categories":[3],"tags":[],"class_list":["post-19826","post","type-post","status-publish","format-standard","hentry","category-aktuelles-aus-der-region"],"_links":{"self":[{"href":"https:\/\/www.forum-soegel.de\/information\/wp-json\/wp\/v2\/posts\/19826","targetHints":{"allow":["GET"]}}],"collection":[{"href":"https:\/\/www.forum-soegel.de\/information\/wp-json\/wp\/v2\/posts"}],"about":[{"href":"https:\/\/www.forum-soegel.de\/information\/wp-json\/wp\/v2\/types\/post"}],"author":[{"embeddable":true,"href":"https:\/\/www.forum-soegel.de\/information\/wp-json\/wp\/v2\/users\/2"}],"replies":[{"embeddable":true,"href":"https:\/\/www.forum-soegel.de\/information\/wp-json\/wp\/v2\/comments?post=19826"}],"version-history":[{"count":1,"href":"https:\/\/www.forum-soegel.de\/information\/wp-json\/wp\/v2\/posts\/19826\/revisions"}],"predecessor-version":[{"id":19828,"href":"https:\/\/www.forum-soegel.de\/information\/wp-json\/wp\/v2\/posts\/19826\/revisions\/19828"}],"wp:attachment":[{"href":"https:\/\/www.forum-soegel.de\/information\/wp-json\/wp\/v2\/media?parent=19826"}],"wp:term":[{"taxonomy":"category","embeddable":true,"href":"https:\/\/www.forum-soegel.de\/information\/wp-json\/wp\/v2\/categories?post=19826"},{"taxonomy":"post_tag","embeddable":true,"href":"https:\/\/www.forum-soegel.de\/information\/wp-json\/wp\/v2\/tags?post=19826"}],"curies":[{"name":"wp","href":"https:\/\/api.w.org\/{rel}","templated":true}]}}