{"id":19823,"date":"2016-10-10T16:27:31","date_gmt":"2016-10-10T14:27:31","guid":{"rendered":"https:\/\/www.forum-soegel.de\/information\/?p=19823"},"modified":"2016-10-10T16:27:31","modified_gmt":"2016-10-10T14:27:31","slug":"blaue-reflektoren-sollen-autofahrer-und-wild-schutzen","status":"publish","type":"post","link":"https:\/\/www.forum-soegel.de\/information\/2016\/10\/blaue-reflektoren-sollen-autofahrer-und-wild-schutzen\/","title":{"rendered":"Blaue Reflektoren sollen Autofahrer und Wild sch\u00fctzen"},"content":{"rendered":"<p>Ber\u00dfen &#8211; An einigen wildunfalltr\u00e4chtigen Stra\u00dfenabschnitten im Gemeindegebiet von Gro\u00df Ber\u00dfen best\u00fcckten die \u00f6rtlichen Revierinhaber insgesamt 290 Leitpfosten mit blauen Wildwarnreflektoren. An zahlreichen Stra\u00dfen sieht man zwar rote Reflektoren, aber faktisch h\u00e4tte die Farbe Rot f\u00fcr das Wild keine Warnwirkung. Wissenschaftlich sei hingegen erwiesen, dass blaues Licht das Wild abschreckt. Daher entschieden sich die Gro\u00df Ber\u00dfener J\u00e4ger f\u00fcr die blauen Wildwarnreflektoren. Auf Grund der blauen Reflektionen &#8211; diese werden durch das Licht der Autoscheinwerfer erzeugt &#8211; verharrt das Wild am Stra\u00dfenrand und \u00fcberquert die Fahrbahn erst dann, wenn die Gefahr vorbei ist. Insgesamt wurden von den Jagdp\u00e4chtern \u00fcber 6000 Meter Stra\u00dfe abgesichert. Die Kosten f\u00fcr die Wildwarnreflektoren wurden zu einem Drittel von Sponsoren, der VGH-Versicherung W\u00f6sthoff, der LVM Versicherungsagentur Eckhard Vorholt und der Concordia Versicherungen Kai Pl\u00fcmer, \u00fcbernommen. Den Restbetrag in H\u00f6he von rund 1 000 Euro trugen die Revierp\u00e4chter. Neben dem Tierschutz sei der Schutz des Menschen ein wesentlicher Aspekt der Aktion, stellten die J\u00e4ger klar. Jeder Unfall birgt auch ein Risiko f\u00fcr die betroffenen Verkehrsteilnehmer.<\/p>\n<p>Text: Rainer Feldmann, Stephan K\u00f6ster \/ Foto: I. Feldhaus<\/p>\n<p><a href=\"https:\/\/www.forum-soegel.de\/information\/wp-content\/uploads\/2016\/10\/Blaue-Reflektoren-sollen-Autofahrer-und-Wild-sch\u00fctzen.jpg\"><img loading=\"lazy\" decoding=\"async\" class=\"alignnone size-medium wp-image-19824\" title=\"Blaue Reflektoren sollen Autofahrer und Wild sch\u00fctzen\" src=\"https:\/\/www.forum-soegel.de\/information\/wp-content\/uploads\/2016\/10\/Blaue-Reflektoren-sollen-Autofahrer-und-Wild-sch\u00fctzen-300x244.jpg\" alt=\"\" width=\"300\" height=\"244\" srcset=\"https:\/\/www.forum-soegel.de\/information\/wp-content\/uploads\/2016\/10\/Blaue-Reflektoren-sollen-Autofahrer-und-Wild-sch\u00fctzen-300x244.jpg 300w, https:\/\/www.forum-soegel.de\/information\/wp-content\/uploads\/2016\/10\/Blaue-Reflektoren-sollen-Autofahrer-und-Wild-sch\u00fctzen-1024x835.jpg 1024w, https:\/\/www.forum-soegel.de\/information\/wp-content\/uploads\/2016\/10\/Blaue-Reflektoren-sollen-Autofahrer-und-Wild-sch\u00fctzen.jpg 1920w\" sizes=\"auto, (max-width: 300px) 100vw, 300px\" \/><\/a><\/p>\n","protected":false},"excerpt":{"rendered":"Ber\u00dfen &#8211; An einigen wildunfalltr\u00e4chtigen Stra\u00dfenabschnitten im Gemeindegebiet von Gro\u00df Ber\u00dfen best\u00fcckten die \u00f6rtlichen Revierinhaber insgesamt 290 Leitpfosten mit blauen Wildwarnreflektoren. An zahlreichen Stra\u00dfen sieht man zwar rote Reflektoren, aber faktisch h\u00e4tte die Farbe Rot f\u00fcr das Wild keine Warnwirkung. Wissenschaftlich sei hingegen erwiesen, dass blaues Licht das Wild abschreckt. Daher entschieden sich die Gro\u00df [&hellip;]\n","protected":false},"author":2,"featured_media":0,"comment_status":"closed","ping_status":"closed","sticky":false,"template":"","format":"standard","meta":{"ngg_post_thumbnail":0,"footnotes":""},"categories":[3],"tags":[],"class_list":["post-19823","post","type-post","status-publish","format-standard","hentry","category-aktuelles-aus-der-region"],"_links":{"self":[{"href":"https:\/\/www.forum-soegel.de\/information\/wp-json\/wp\/v2\/posts\/19823","targetHints":{"allow":["GET"]}}],"collection":[{"href":"https:\/\/www.forum-soegel.de\/information\/wp-json\/wp\/v2\/posts"}],"about":[{"href":"https:\/\/www.forum-soegel.de\/information\/wp-json\/wp\/v2\/types\/post"}],"author":[{"embeddable":true,"href":"https:\/\/www.forum-soegel.de\/information\/wp-json\/wp\/v2\/users\/2"}],"replies":[{"embeddable":true,"href":"https:\/\/www.forum-soegel.de\/information\/wp-json\/wp\/v2\/comments?post=19823"}],"version-history":[{"count":1,"href":"https:\/\/www.forum-soegel.de\/information\/wp-json\/wp\/v2\/posts\/19823\/revisions"}],"predecessor-version":[{"id":19825,"href":"https:\/\/www.forum-soegel.de\/information\/wp-json\/wp\/v2\/posts\/19823\/revisions\/19825"}],"wp:attachment":[{"href":"https:\/\/www.forum-soegel.de\/information\/wp-json\/wp\/v2\/media?parent=19823"}],"wp:term":[{"taxonomy":"category","embeddable":true,"href":"https:\/\/www.forum-soegel.de\/information\/wp-json\/wp\/v2\/categories?post=19823"},{"taxonomy":"post_tag","embeddable":true,"href":"https:\/\/www.forum-soegel.de\/information\/wp-json\/wp\/v2\/tags?post=19823"}],"curies":[{"name":"wp","href":"https:\/\/api.w.org\/{rel}","templated":true}]}}