{"id":19820,"date":"2016-10-10T16:25:54","date_gmt":"2016-10-10T14:25:54","guid":{"rendered":"https:\/\/www.forum-soegel.de\/information\/?p=19820"},"modified":"2016-10-10T16:25:54","modified_gmt":"2016-10-10T14:25:54","slug":"aus-dem-leben-eines-kapuziners","status":"publish","type":"post","link":"https:\/\/www.forum-soegel.de\/information\/2016\/10\/aus-dem-leben-eines-kapuziners\/","title":{"rendered":"Aus dem Leben eines Kapuziners"},"content":{"rendered":"<p align=\"left\">S\u00f6gel &#8211; So lautete das Vortragsthema beim ersten Fr\u00fchst\u00fcckstreff nach der Ferienpause am 30. August. Die\u00a0 Freiwilligen Agentur S\u00f6gel, unter der Leitung von Hermann Grotjohann hatte die G\u00e4ste in das Mehrgenerationenhaus nach Werpeloh eingeladen. Sicher, so Grotjohann in seiner Begr\u00fc\u00dfung, sind heute so viele\u00a0 erschienen, weil sie den Vortrag von Pater Edmund vom Kapuzinerkloster Clemenswerth h\u00f6ren m\u00f6chten. Und sie wurden nicht entt\u00e4uscht.<\/p>\n<p align=\"left\">Nach dem wieder k\u00f6stlich zubereiteten Fr\u00fchst\u00fcck, ein paar Liedern in Begleitung des Trecksacksp\u00e4hler-Duos \u00fcbernahm Pater Edmund das Wort.<\/p>\n<p align=\"left\">Im Schw\u00e4bischen Sattelbach nahe dem Bodensee geboren, ist Pater Edmund bereits nach der sechsten Volksschulklasse in einem Internat in Offenburg und sp\u00e4ter in Bensheim mit Kapuzinern zusammengetroffen. Am Kurf\u00fcrstlichen Gymnasium legte er das Abitur ab und trat in den Kapuzinerorden ein. Dort absolvierte Pater Edmund ein Jahr Noviziat, das der Berufskl\u00e4rung dienen sollte.<\/p>\n<p align=\"left\">Nach dem Philosophie- und Theologiestudium in M\u00fcnster folgte 1974 die Priesterweihe mit einem erfolgreich abgeschlossenen P\u00e4dagogie- und Sportstudium. 1977 ging es nach Indonesien, wo Pater Edmund als Missionar in der Di\u00f6zese Sibolga\/Westsumatra wirkte. Nach 5 Jahren zwang eine schwere Krankheit den Pater zur R\u00fcckkehr nach Deutschland wo er elf Jahre als Krankenhausseelsorger arbeitete. Vor seiner heutigen Station, dem Kapuzinerkloster auf Schloss Clemenswerth in S\u00f6gel, f\u00fchrten ihn seine abwechslungsreichen christlich gepr\u00e4gten Aufgaben noch einmal in seine Heimat ins Kloster Reute. Seit einem Jahr ist Pater Edmund als neuer Hausoberer (Guardian) mit drei weiteren Mitbr\u00fcdern (Pater Fidelis, Bruder Nikolaus und Pater Franz) auf Clemenswerth. Immer dabei ist seine Gitarre, die auch an diesem sehr beeindruckenden Auftritt zum Einsatz kam. F\u00fcr die anwesenden Seniorinnen und Senioren sicher eine Lebensgeschichte, die beeindruckt und nachdenklich stimmt. Grotjohann wies zum Abschluss auf das n\u00e4chste Treffen im Jugendheim Eisten hin, bei dem G\u00fcnter Wigbers \u00fcber weltlich interessantes berichten wird.<\/p>\n<p align=\"left\">Text\/Foto: Klaus Sch\u00e4ffner<\/p>\n<p align=\"left\"><a href=\"https:\/\/www.forum-soegel.de\/information\/wp-content\/uploads\/2016\/10\/Aus-dem-Leben-eines-Kapuziners.jpg\"><img loading=\"lazy\" decoding=\"async\" class=\"alignnone size-medium wp-image-19821\" title=\"Aus dem Leben eines Kapuziners\" src=\"https:\/\/www.forum-soegel.de\/information\/wp-content\/uploads\/2016\/10\/Aus-dem-Leben-eines-Kapuziners-300x225.jpg\" alt=\"\" width=\"300\" height=\"225\" srcset=\"https:\/\/www.forum-soegel.de\/information\/wp-content\/uploads\/2016\/10\/Aus-dem-Leben-eines-Kapuziners-300x225.jpg 300w, https:\/\/www.forum-soegel.de\/information\/wp-content\/uploads\/2016\/10\/Aus-dem-Leben-eines-Kapuziners-1024x769.jpg 1024w, https:\/\/www.forum-soegel.de\/information\/wp-content\/uploads\/2016\/10\/Aus-dem-Leben-eines-Kapuziners.jpg 1415w\" sizes=\"auto, (max-width: 300px) 100vw, 300px\" \/><\/a><\/p>\n<p align=\"left\">\n","protected":false},"excerpt":{"rendered":"S\u00f6gel &#8211; So lautete das Vortragsthema beim ersten Fr\u00fchst\u00fcckstreff nach der Ferienpause am 30. August. Die\u00a0 Freiwilligen Agentur S\u00f6gel, unter der Leitung von Hermann Grotjohann hatte die G\u00e4ste in das Mehrgenerationenhaus nach Werpeloh eingeladen. Sicher, so Grotjohann in seiner Begr\u00fc\u00dfung, sind heute so viele\u00a0 erschienen, weil sie den Vortrag von Pater Edmund vom Kapuzinerkloster Clemenswerth [&hellip;]\n","protected":false},"author":2,"featured_media":0,"comment_status":"closed","ping_status":"closed","sticky":false,"template":"","format":"standard","meta":{"ngg_post_thumbnail":0,"footnotes":""},"categories":[3],"tags":[],"class_list":["post-19820","post","type-post","status-publish","format-standard","hentry","category-aktuelles-aus-der-region"],"_links":{"self":[{"href":"https:\/\/www.forum-soegel.de\/information\/wp-json\/wp\/v2\/posts\/19820","targetHints":{"allow":["GET"]}}],"collection":[{"href":"https:\/\/www.forum-soegel.de\/information\/wp-json\/wp\/v2\/posts"}],"about":[{"href":"https:\/\/www.forum-soegel.de\/information\/wp-json\/wp\/v2\/types\/post"}],"author":[{"embeddable":true,"href":"https:\/\/www.forum-soegel.de\/information\/wp-json\/wp\/v2\/users\/2"}],"replies":[{"embeddable":true,"href":"https:\/\/www.forum-soegel.de\/information\/wp-json\/wp\/v2\/comments?post=19820"}],"version-history":[{"count":1,"href":"https:\/\/www.forum-soegel.de\/information\/wp-json\/wp\/v2\/posts\/19820\/revisions"}],"predecessor-version":[{"id":19822,"href":"https:\/\/www.forum-soegel.de\/information\/wp-json\/wp\/v2\/posts\/19820\/revisions\/19822"}],"wp:attachment":[{"href":"https:\/\/www.forum-soegel.de\/information\/wp-json\/wp\/v2\/media?parent=19820"}],"wp:term":[{"taxonomy":"category","embeddable":true,"href":"https:\/\/www.forum-soegel.de\/information\/wp-json\/wp\/v2\/categories?post=19820"},{"taxonomy":"post_tag","embeddable":true,"href":"https:\/\/www.forum-soegel.de\/information\/wp-json\/wp\/v2\/tags?post=19820"}],"curies":[{"name":"wp","href":"https:\/\/api.w.org\/{rel}","templated":true}]}}