{"id":19817,"date":"2016-10-10T16:23:49","date_gmt":"2016-10-10T14:23:49","guid":{"rendered":"https:\/\/www.forum-soegel.de\/information\/?p=19817"},"modified":"2016-10-10T16:23:49","modified_gmt":"2016-10-10T14:23:49","slug":"ammar-dawood-soll-amt-ubernehmen","status":"publish","type":"post","link":"https:\/\/www.forum-soegel.de\/information\/2016\/10\/ammar-dawood-soll-amt-ubernehmen\/","title":{"rendered":"Ammar Dawood soll Amt \u00fcbernehmen"},"content":{"rendered":"<p style=\"text-align: left;\" align=\"center\"><strong>Fl\u00fcchtlingsbeauftragter Brachem h\u00f6rt in S\u00f6gel auf<\/strong><\/p>\n<p><a href=\"https:\/\/www.forum-soegel.de\/information\/wp-content\/uploads\/2016\/10\/Ammar-Dawood-soll-Amt-\u00fcbernehmen.jpg\"><img loading=\"lazy\" decoding=\"async\" class=\"alignleft size-medium wp-image-19818\" title=\"Ammar Dawood soll Amt \u00fcbernehmen\" src=\"https:\/\/www.forum-soegel.de\/information\/wp-content\/uploads\/2016\/10\/Ammar-Dawood-soll-Amt-\u00fcbernehmen-300x168.jpg\" alt=\"\" width=\"300\" height=\"168\" srcset=\"https:\/\/www.forum-soegel.de\/information\/wp-content\/uploads\/2016\/10\/Ammar-Dawood-soll-Amt-\u00fcbernehmen-300x168.jpg 300w, https:\/\/www.forum-soegel.de\/information\/wp-content\/uploads\/2016\/10\/Ammar-Dawood-soll-Amt-\u00fcbernehmen-1024x576.jpg 1024w, https:\/\/www.forum-soegel.de\/information\/wp-content\/uploads\/2016\/10\/Ammar-Dawood-soll-Amt-\u00fcbernehmen.jpg 1098w\" sizes=\"auto, (max-width: 300px) 100vw, 300px\" \/><\/a>S\u00f6gel &#8211; Der Fl\u00fcchtlingsbeauftrage der Samtgemeinde S\u00f6gel, Johannes Brachem, h\u00f6rt Ende September bei der Kommune auf. Seine Nachfolge soll im kommenden Jahr der Bundesfreiwilligendienstler Ammar Dawood antreten.<\/p>\n<p>Wie Samtgemeinde (SG)-B\u00fcrgermeister G\u00fcnther Wigbers (CDU) auf der j\u00fcngsten SG-Ratssitzung mitteilte, werde Johannes Brachem \u2013 so sei es von Anfang an geplant gewesen \u2013 nach einem Jahr die SG wieder verlassen.<\/p>\n<p>Seine Stelle wird demnach ab Oktober wieder frei. Brachem wird sein Studium der Psychologie wieder aufnehmen, um seinen Master zu machen. Die Nachfolge soll Ammar Dawood bestreiten. Er k\u00f6nne bei der Arbeit als Fl\u00fcchtlingsbeauftragter der SG anfangs vom Bildungszentrum A+W unterst\u00fctzt werden, teilte Wigbers mit.<\/p>\n<p>Derzeit absolviere er noch sein Bundesfreiwilligenjahr bei der Kommune. Dieses dauere noch bis zum Ende dieses Jahres, sodass Dawood dann im Januar seinen Dienst beginnen k\u00f6nne.<\/p>\n<p>\u201eWir bedauern es sehr, dass Johannes Brachem geht\u201c, sagte Wigbers. Der 24-J\u00e4hrige habe \u201ehervorragende Arbeit geleistet\u201c, so der Verwaltungschef. Man verliere einen guten Mitarbeiter.<\/p>\n<p>Dennoch zeigte sich Wigbers \u00fcberzeugt davon, dass auch der aus Syrien stammende Dawood einen guten Job machen werde. \u201eEr hat sehr schnell Deutsch gelernt\u201c, so Wigbers. Derzeit unterst\u00fctze Dawood Brachem in der t\u00e4glichen Arbeit.<\/p>\n<p>Ab September soll im Rahmen einer Kooperationsvereinbarung zudem eine neue Datenbank genutzt werden, mithilfe derer alle Kooperationspartner etwa den Status eines Fl\u00fcchtlings einsehen k\u00f6nnten. Auch soll so besser gekl\u00e4rt werden, wer welche Aufgaben \u00fcbernehme. Das langfristige Ziel laute, die Menschen in Arbeit zu bringen, so Wigbers. Auch die Arbeit der \u00dcbersetzer solle so vernetzt werden. Ein 14-t\u00e4giger Austausch aller in der Fl\u00fcchtlingssozialarbeit t\u00e4tigen Parteien soll stattfinden. Klare Zust\u00e4ndigkeiten sollen geschaffen werden, koordiniert durch das Willkommensb\u00fcro.<\/p>\n<p>Wie Wigbers weiter mitteilte, gibt es momentan 265 Fl\u00fcchtlinge in der SG S\u00f6gel. Diese teilten sich auf die Gemeinde S\u00f6gel (154 Fl\u00fcchtlinge), B\u00f6rger (59), Werpeloh (31), Klein Ber\u00dfen (10), Spahnharrenst\u00e4tte (9) und Stavern (2) auf.<\/p>\n<p>Durch Verwaltung und Politik seien vielf\u00e4ltige Hilfsangebote wie die B\u00fcrgergenossenschaft, mithilfe derer H\u00e4user f\u00fcr Fl\u00fcchtlinge und andere sozial benachteiligte Menschen gebaut w\u00fcrden, entstanden. Dazu z\u00e4hlte Wigbers auch den Runden Tisch, ein M\u00f6bellager, eine Postkarten-Aktion, die Einrichtung der Notunterkunft sowie den Einsatz des Bauhofes der Gemeinde.<\/p>\n<p>Auch personelle Konsequenzen h\u00e4tten sich ergeben. Neben Brachem seien mehrere Personen bei der Samtgemeinde angestellt worden, die sich um die Belange der Fl\u00fcchtlinge k\u00fcmmerten.<\/p>\n<p>Die unterschiedlichen Kooperationen seien im neuen Willkommensb\u00fcro organisiert worden. Zusammengearbeitet habe die Samtgemeinde mit der Caritas, dem Kolping, dem Marstall Clemenswerth und dem A+W Bildungszentrum sowie dem Malteser Hilfsdienst und vielen weiteren Personen und Organisationen. Insgesamt seien 13 Sprachkurse in der SG entstanden.<\/p>\n<p>Text: Ems-Zeitung, Mirko Moormann \/ Foto: Samtgemeinde S\u00f6gel<\/p>\n","protected":false},"excerpt":{"rendered":"Fl\u00fcchtlingsbeauftragter Brachem h\u00f6rt in S\u00f6gel auf S\u00f6gel &#8211; Der Fl\u00fcchtlingsbeauftrage der Samtgemeinde S\u00f6gel, Johannes Brachem, h\u00f6rt Ende September bei der Kommune auf. Seine Nachfolge soll im kommenden Jahr der Bundesfreiwilligendienstler Ammar Dawood antreten. Wie Samtgemeinde (SG)-B\u00fcrgermeister G\u00fcnther Wigbers (CDU) auf der j\u00fcngsten SG-Ratssitzung mitteilte, werde Johannes Brachem \u2013 so sei es von Anfang an geplant [&hellip;]\n","protected":false},"author":2,"featured_media":0,"comment_status":"closed","ping_status":"closed","sticky":false,"template":"","format":"standard","meta":{"ngg_post_thumbnail":0,"footnotes":""},"categories":[3],"tags":[],"class_list":["post-19817","post","type-post","status-publish","format-standard","hentry","category-aktuelles-aus-der-region"],"_links":{"self":[{"href":"https:\/\/www.forum-soegel.de\/information\/wp-json\/wp\/v2\/posts\/19817","targetHints":{"allow":["GET"]}}],"collection":[{"href":"https:\/\/www.forum-soegel.de\/information\/wp-json\/wp\/v2\/posts"}],"about":[{"href":"https:\/\/www.forum-soegel.de\/information\/wp-json\/wp\/v2\/types\/post"}],"author":[{"embeddable":true,"href":"https:\/\/www.forum-soegel.de\/information\/wp-json\/wp\/v2\/users\/2"}],"replies":[{"embeddable":true,"href":"https:\/\/www.forum-soegel.de\/information\/wp-json\/wp\/v2\/comments?post=19817"}],"version-history":[{"count":1,"href":"https:\/\/www.forum-soegel.de\/information\/wp-json\/wp\/v2\/posts\/19817\/revisions"}],"predecessor-version":[{"id":19819,"href":"https:\/\/www.forum-soegel.de\/information\/wp-json\/wp\/v2\/posts\/19817\/revisions\/19819"}],"wp:attachment":[{"href":"https:\/\/www.forum-soegel.de\/information\/wp-json\/wp\/v2\/media?parent=19817"}],"wp:term":[{"taxonomy":"category","embeddable":true,"href":"https:\/\/www.forum-soegel.de\/information\/wp-json\/wp\/v2\/categories?post=19817"},{"taxonomy":"post_tag","embeddable":true,"href":"https:\/\/www.forum-soegel.de\/information\/wp-json\/wp\/v2\/tags?post=19817"}],"curies":[{"name":"wp","href":"https:\/\/api.w.org\/{rel}","templated":true}]}}