{"id":19814,"date":"2016-10-10T16:21:07","date_gmt":"2016-10-10T14:21:07","guid":{"rendered":"https:\/\/www.forum-soegel.de\/information\/?p=19814"},"modified":"2016-10-10T16:21:07","modified_gmt":"2016-10-10T14:21:07","slug":"vorwort-oktober","status":"publish","type":"post","link":"https:\/\/www.forum-soegel.de\/information\/2016\/10\/vorwort-oktober\/","title":{"rendered":"Vorwort &#8211; Oktober &#8211;"},"content":{"rendered":"<p>Liebe Leserinnen und Leser,<\/p>\n<p>die Monate August und September mit ihren zahlreichen Veranstaltungen sind vorbei \u2013 und auch die Kommunalwahlen.<\/p>\n<p>Wir B\u00fcrger haben unsere Abgeordneten gew\u00e4hlt, die in den n\u00e4chsten Jahren die Politik vor Ort gestalten werden \u2013 sicherlich konstruktiv und \u00fcber alle Parteigrenzen hinweg.<\/p>\n<p>Ein wichtiger Gradmesser f\u00fcr das Interesse an Politik ist die Wahlbeteiligung. In der Gemeinde S\u00f6gel hat mit 48,8 % nicht einmal jeder zweite Wahlberechtigte gew\u00e4hlt. Wo liegen die Gr\u00fcnde? Wie l\u00e4sst sich das in Zukunft \u00e4ndern? Auch eine Aufgabe f\u00fcr Rat und Verwaltung, aber auch f\u00fcr uns W\u00e4hler und Nichtw\u00e4hler. Wir erleben h\u00e4ufig, wie man sich oft sehr schnell \u00fcber die gro\u00dfe \u00a0Politik den Mund zerrei\u00dft. Ein Rat von uns: Selber kandidieren, mitmachen und Verantwortung tragen. Das ist konsequenter.<\/p>\n<p>Die Reaktion der IfS wird nat\u00fcrlich auch in Zukunft, wie gewohnt, \u00fcber die Vorhaben in unseren Gemeinden berichten \u2013 \u00fcberparteilich und objektiv.<\/p>\n<p>Sicherlich waren jedoch einige Leser irritiert, als sie in \u00a0der September-Ausgabe Wahlwerbung fanden. Das ist ohne Wissen und Billigung der Redaktion geschehen und wird hoffentlich nicht wieder vorkommen!<\/p>\n<p>Nach den herrlichen Septembertagen l\u00e4dt uns der hoffentlich \u00a0goldene Oktober zu ruhigen und erholsamen Ausfl\u00fcgen \u00fcber den sch\u00f6nen H\u00fcmmling ein.<\/p>\n<p><strong>\u201eOft sind es gut genutzte Mu\u00dfestunden, in welchen der Mensch das Tor zu einer neuen Welt findet.\u201c<\/strong><\/p>\n<p>&nbsp;<\/p>\n<p>(George M. Adams)<\/p>\n","protected":false},"excerpt":{"rendered":"Liebe Leserinnen und Leser, die Monate August und September mit ihren zahlreichen Veranstaltungen sind vorbei \u2013 und auch die Kommunalwahlen. Wir B\u00fcrger haben unsere Abgeordneten gew\u00e4hlt, die in den n\u00e4chsten Jahren die Politik vor Ort gestalten werden \u2013 sicherlich konstruktiv und \u00fcber alle Parteigrenzen hinweg. Ein wichtiger Gradmesser f\u00fcr das Interesse an Politik ist die [&hellip;]\n","protected":false},"author":2,"featured_media":0,"comment_status":"closed","ping_status":"closed","sticky":false,"template":"","format":"standard","meta":{"ngg_post_thumbnail":0,"footnotes":""},"categories":[393],"tags":[],"class_list":["post-19814","post","type-post","status-publish","format-standard","hentry","category-vorwort"],"_links":{"self":[{"href":"https:\/\/www.forum-soegel.de\/information\/wp-json\/wp\/v2\/posts\/19814","targetHints":{"allow":["GET"]}}],"collection":[{"href":"https:\/\/www.forum-soegel.de\/information\/wp-json\/wp\/v2\/posts"}],"about":[{"href":"https:\/\/www.forum-soegel.de\/information\/wp-json\/wp\/v2\/types\/post"}],"author":[{"embeddable":true,"href":"https:\/\/www.forum-soegel.de\/information\/wp-json\/wp\/v2\/users\/2"}],"replies":[{"embeddable":true,"href":"https:\/\/www.forum-soegel.de\/information\/wp-json\/wp\/v2\/comments?post=19814"}],"version-history":[{"count":2,"href":"https:\/\/www.forum-soegel.de\/information\/wp-json\/wp\/v2\/posts\/19814\/revisions"}],"predecessor-version":[{"id":19816,"href":"https:\/\/www.forum-soegel.de\/information\/wp-json\/wp\/v2\/posts\/19814\/revisions\/19816"}],"wp:attachment":[{"href":"https:\/\/www.forum-soegel.de\/information\/wp-json\/wp\/v2\/media?parent=19814"}],"wp:term":[{"taxonomy":"category","embeddable":true,"href":"https:\/\/www.forum-soegel.de\/information\/wp-json\/wp\/v2\/categories?post=19814"},{"taxonomy":"post_tag","embeddable":true,"href":"https:\/\/www.forum-soegel.de\/information\/wp-json\/wp\/v2\/tags?post=19814"}],"curies":[{"name":"wp","href":"https:\/\/api.w.org\/{rel}","templated":true}]}}