{"id":19803,"date":"2016-09-03T10:44:03","date_gmt":"2016-09-03T08:44:03","guid":{"rendered":"https:\/\/www.forum-soegel.de\/information\/?p=19803"},"modified":"2016-09-03T10:44:03","modified_gmt":"2016-09-03T08:44:03","slug":"ruckblick-auf-das-jubilaumswochenende-im-hummling-hospital","status":"publish","type":"post","link":"https:\/\/www.forum-soegel.de\/information\/2016\/09\/ruckblick-auf-das-jubilaumswochenende-im-hummling-hospital\/","title":{"rendered":"R\u00fcckblick auf das Jubil\u00e4umswochenende im H\u00fcmmling Hospital"},"content":{"rendered":"<p><span style=\"font-family: Default Sans Serif,Verdana,Arial,Helvetica,sans-serif; font-size: x-small;\"><strong>150 Jahre \u2013 ein liebenswertes Krankenhaus feiert Geburtstag<\/strong><\/span><\/p>\n<p><span style=\"font-family: Default Sans Serif,Verdana,Arial,Helvetica,sans-serif; font-size: x-small;\">Am Freitag, den\u00a012. August\u00a0war es soweit: Das H\u00fcmmling Hospital\u00a0S\u00f6gel\u00a0feierte sein 150-j\u00e4hriges Bestehen. Die Feier begann mit einem Gottesdienst in der St. Jakobus-Kirche mit Weihbischof Johannes W\u00fcbbe. \u201eHeilung liegt nicht allein in Menschenhand \u2013 und das wird auch\u00a0heute\u00a0noch nach 150 Jahren im H\u00fcmmling Hospital gelebt. Medizinisches Werken verbunden mit dem christlichen Glauben\u201c, so der Weihbischof in seiner Predigt.<\/span><\/p>\n<p><span style=\"font-family: Default Sans Serif,Verdana,Arial,Helvetica,sans-serif; font-size: x-small;\">Im Anschluss an den Gottesdienst fand der offizielle Festakt mit knapp 150 G\u00e4sten im Foyer des Krankenhauses statt. Pfarrer Thomas Burke, Kuratoriumsvorsitzender der St. Bonifatius Hospitalgesellschaft, f\u00fchrte durch den Festakt. \u201eVerbund, verbindet, verbindlich \u2013 der beste Beweis f\u00fcr das K\u00f6nnen ist das Tun\u201c, so Burke. Im Anschluss an die Begr\u00fc\u00dfungsworte gratulierte Landrat Reinhard Winter dem Krankenhaus und besonders den Mitarbeiterinnen und Mitarbeitern. Das Haus lebt durch eine besondere, pers\u00f6nliche Note \u2013 viele \u00c4rzte, Pflegerinnen und Pfleger seien schon jahrelang dem Haus verbunden und machen das Haus zu dem, was es\u00a0heute\u00a0ist: Ein Krankenhaus mit dem Anliegen hochwertige medizinische Versorgung zu leisten, so Winter in seiner Ansprache.<\/span><\/p>\n<p><span style=\"font-family: Default Sans Serif,Verdana,Arial,Helvetica,sans-serif; font-size: x-small;\">Auch der Samtgemeindeb\u00fcrgermeister, G\u00fcnter Wigbers, sprach sich f\u00fcr die Wichtigkeit des Hauses aus \u201eEin Krankenhaus vor Ort zu haben ist ein gro\u00dfer Faktor f\u00fcr die Entwicklung einer Region \u2013 nicht nur die nackten Zahlen sehen, sondern den Menschen dahinter und das funktioniert hier!\u201c<\/span><\/p>\n<p><span style=\"font-family: Default Sans Serif,Verdana,Arial,Helvetica,sans-serif; font-size: x-small;\">Neben Gru\u00dfworten, hielt Claudia Schr\u00f6der, Abteilungsleiterin Gesundheit und Pr\u00e4vention im nieders\u00e4chsischen Sozialministerium, einen Fachvortrag. Sie machte deutlich, dass die Krankenh\u00e4user im l\u00e4ndlichen Raum einen besonderen Stellenwert haben, denn sie gew\u00e4hrleisten die Versorgungssicherheit. Aus diesem Grund, sei das Thema enorm wichtig f\u00fcr die Landesregierung. \u201eDie Schlie\u00dfung von Krankenh\u00e4usern ist nicht der nieders\u00e4chsische Weg\u201c, so Schr\u00f6der.<\/span><\/p>\n<p><span style=\"font-family: Default Sans Serif,Verdana,Arial,Helvetica,sans-serif; font-size: x-small;\">Ein St\u00e4ndchen, wie es sich zum Geburtstag geh\u00f6rt, kam von den Mitarbeiterinnen und Mitarbeitern des Hauses \u2013 wie es im Lied hie\u00df \u201eDoch die Zeiten \u00e4ndern sich, man kommt fast nicht zur Ruh\u2018, Qualit\u00e4t, Zertifikate, all das geh\u00f6rt dazu; aber nach wie vor steht der Patient im Vordergrund, denn unser Ziel ist: Der Mensch werde gesund!\u201c<\/span><\/p>\n<p><span style=\"font-family: Default Sans Serif,Verdana,Arial,Helvetica,sans-serif; font-size: x-small;\">Neben dem Jubil\u00e4um des Hauses \u2013 das vor allem durch Ordensschwestern von Anfang an mitgepr\u00e4gt wurde \u2013 feierten die Ordensschwestern vom heiligen Namen Mariens aus dem Kloster Nette (Osnabr\u00fcck) ihr 50-j\u00e4hriges Bestehen im Hospital. Zu diesem Jubil\u00e4um kam auch die Generaloberin des Ordens, Sr. Andrea. Sie dankte dem Haus f\u00fcr die Pflege am Menschen und besonders ihren Mitschwestern Sr. Amanda und Sr. Hubertis \u2013 die nach jahrelangem Wirken das Haus verlassen werden. Schluss des Festaktes bildeten Hauptgesch\u00e4ftsf\u00fchrer Ansgar Veer und der Leiter Krankenhausbetrieb Thomas Kock. \u201eDas Herzst\u00fcck des Erfolges des H\u00fcmmling Hospital\u00a0S\u00f6gel\u00a0bleiben weiterhin unsere Mitarbeiterinnen und Mitarbeiter, unser Hospital ist ein sympathisches, modernes und doch liebenswertes menschliches Krankenhaus\u201c, dankte Veer in seiner Rede den Pflegekr\u00e4ften und \u00c4rzten.<\/span><\/p>\n<p><span style=\"font-family: Default Sans Serif,Verdana,Arial,Helvetica,sans-serif; font-size: x-small;\">Am Abend sagte die Gesch\u00e4ftsf\u00fchrung \u2013 gemeinsam mit der Mitarbeitervertretung, den Mitarbeiterinnen und Mitarbeitern noch einmal pers\u00f6nlich Danke mit einer Feier. Bei Musik und gutem Essen feierten knapp 230 Mitarbeitende das Jubil\u00e4um.<\/span><\/p>\n<p>&nbsp;<\/p>\n<p><span style=\"font-family: Default Sans Serif,Verdana,Arial,Helvetica,sans-serif; font-size: x-small;\">Die dritte Etappe bildete der Tag der offenen T\u00fcr am Sonntag, den\u00a014. August.\u00a0Bereits vor dem Hospital konnte man es erkennen: Mit Luftballons geschm\u00fcckt und mit Info-St\u00e4nden umrahmt, bildete der Au\u00dfen- und Eingangsbereich ein buntes Bild f\u00fcr Jedermann. Neben Informationsst\u00e4nden zu den einzelnen Abteilungen, wurden mehrere Krankenhausf\u00fchrungen angeboten, die viele Besucher in Anspruch nahmen. Bis zu 40 Personen in einer Gruppe schlossen sich der F\u00fchrung durch das Haus an und sahen so die Radiologie, Endoskopie, einen OP-Saal und die Gyn\u00e4kologie und Geburtshilfe. Bereits vor dem Eingang hatten Besucher die M\u00f6glichkeit, die Arbeit kennenzulernen: Das OP-Personal demonstrierte z.B. wie eine neue Kniescheibe eingesetzt wird, w\u00e4hrend die Elternschule jungen und werdenden Eltern und Interessierten zeigte, wie ein Tragetuch gebunden werden kann. Im Foyer konnten die Besucher sich selbst testen: Wie geschickt bin ich im Umgang mit einem Endoskop? Wie schmeckt eigentlich eine L\u00f6sung die man vor einer Darmspiegelung trinkt? Und wann sind meine H\u00e4nde wirklich sauber? Diese und viele weitere Fragen konnten die Besucher am Sonntag mit Hilfe des Personals beantworten und sich ausprobieren. Knapp 300 Interessierte kamen, um bei gutem Wetter das Hospital und die Menschen dahinter n\u00e4her kennen zu lernen. \u201eEin rundum gelungener Tag, der dank der Hilfe der Mitarbeiterinnen und Mitarbeiter sowie allen Besuchern facettenreich und informativ einen sch\u00f6nen Abschluss f\u00fcr unser Jubil\u00e4um gebildet hat\u201c, res\u00fcmierte Thomas Kock, Leiter Krankenhausbetrieb.<\/span><\/p>\n<p>Foto(s): H\u00fcmmling Hospital S\u00f6gel, Text: Hanna Lohmann<\/p>\n<p><a href=\"https:\/\/www.forum-soegel.de\/information\/wp-content\/uploads\/2016\/09\/01_DSC_01351.jpg\"><img loading=\"lazy\" decoding=\"async\" class=\"alignnone size-thumbnail wp-image-19805\" title=\"01_DSC_0135\" src=\"https:\/\/www.forum-soegel.de\/information\/wp-content\/uploads\/2016\/09\/01_DSC_01351-150x150.jpg\" alt=\"\" width=\"150\" height=\"150\" \/>\u00a0<\/a> <a href=\"https:\/\/www.forum-soegel.de\/information\/wp-content\/uploads\/2016\/09\/02_DSC_0112.jpg\"><img loading=\"lazy\" decoding=\"async\" class=\"alignnone size-thumbnail wp-image-19806\" title=\"02_DSC_0112\" src=\"https:\/\/www.forum-soegel.de\/information\/wp-content\/uploads\/2016\/09\/02_DSC_0112-150x150.jpg\" alt=\"\" width=\"150\" height=\"150\" \/>\u00a0<\/a> <a href=\"https:\/\/www.forum-soegel.de\/information\/wp-content\/uploads\/2016\/09\/03_DSC_0110.jpg\"><img loading=\"lazy\" decoding=\"async\" class=\"alignnone size-thumbnail wp-image-19807\" title=\"03_DSC_0110\" src=\"https:\/\/www.forum-soegel.de\/information\/wp-content\/uploads\/2016\/09\/03_DSC_0110-150x150.jpg\" alt=\"\" width=\"150\" height=\"150\" \/><\/a><\/p>\n<p><a href=\"https:\/\/www.forum-soegel.de\/information\/wp-content\/uploads\/2016\/09\/04_DSC_0095-2.jpg\"><img loading=\"lazy\" decoding=\"async\" class=\"alignnone size-thumbnail wp-image-19808\" title=\"04_DSC_0095 (2)\" src=\"https:\/\/www.forum-soegel.de\/information\/wp-content\/uploads\/2016\/09\/04_DSC_0095-2-150x150.jpg\" alt=\"\" width=\"150\" height=\"150\" \/>\u00a0<\/a> <a href=\"https:\/\/www.forum-soegel.de\/information\/wp-content\/uploads\/2016\/09\/05_DSC_0013.jpg\"><img loading=\"lazy\" decoding=\"async\" class=\"alignnone size-thumbnail wp-image-19809\" title=\"05_DSC_0013\" src=\"https:\/\/www.forum-soegel.de\/information\/wp-content\/uploads\/2016\/09\/05_DSC_0013-150x150.jpg\" alt=\"\" width=\"150\" height=\"150\" \/>\u00a0<\/a> <a href=\"https:\/\/www.forum-soegel.de\/information\/wp-content\/uploads\/2016\/09\/06_DSC_0010.jpg\"><img loading=\"lazy\" decoding=\"async\" class=\"alignnone size-thumbnail wp-image-19810\" title=\"06_DSC_0010\" src=\"https:\/\/www.forum-soegel.de\/information\/wp-content\/uploads\/2016\/09\/06_DSC_0010-150x150.jpg\" alt=\"\" width=\"150\" height=\"150\" \/><\/a><\/p>\n<p><span style=\"font-family: Default Sans Serif,Verdana,Arial,Helvetica,sans-serif; font-size: x-small;\"><span style=\"color: #333333;\">\u00a0<\/span><\/span><\/p>\n","protected":false},"excerpt":{"rendered":"150 Jahre \u2013 ein liebenswertes Krankenhaus feiert Geburtstag Am Freitag, den\u00a012. August\u00a0war es soweit: Das H\u00fcmmling Hospital\u00a0S\u00f6gel\u00a0feierte sein 150-j\u00e4hriges Bestehen. Die Feier begann mit einem Gottesdienst in der St. Jakobus-Kirche mit Weihbischof Johannes W\u00fcbbe. \u201eHeilung liegt nicht allein in Menschenhand \u2013 und das wird auch\u00a0heute\u00a0noch nach 150 Jahren im H\u00fcmmling Hospital gelebt. Medizinisches Werken verbunden [&hellip;]\n","protected":false},"author":2,"featured_media":0,"comment_status":"closed","ping_status":"closed","sticky":false,"template":"","format":"standard","meta":{"ngg_post_thumbnail":0,"footnotes":""},"categories":[25],"tags":[],"class_list":["post-19803","post","type-post","status-publish","format-standard","hentry","category-hauptsache-gesund"],"_links":{"self":[{"href":"https:\/\/www.forum-soegel.de\/information\/wp-json\/wp\/v2\/posts\/19803","targetHints":{"allow":["GET"]}}],"collection":[{"href":"https:\/\/www.forum-soegel.de\/information\/wp-json\/wp\/v2\/posts"}],"about":[{"href":"https:\/\/www.forum-soegel.de\/information\/wp-json\/wp\/v2\/types\/post"}],"author":[{"embeddable":true,"href":"https:\/\/www.forum-soegel.de\/information\/wp-json\/wp\/v2\/users\/2"}],"replies":[{"embeddable":true,"href":"https:\/\/www.forum-soegel.de\/information\/wp-json\/wp\/v2\/comments?post=19803"}],"version-history":[{"count":1,"href":"https:\/\/www.forum-soegel.de\/information\/wp-json\/wp\/v2\/posts\/19803\/revisions"}],"predecessor-version":[{"id":19811,"href":"https:\/\/www.forum-soegel.de\/information\/wp-json\/wp\/v2\/posts\/19803\/revisions\/19811"}],"wp:attachment":[{"href":"https:\/\/www.forum-soegel.de\/information\/wp-json\/wp\/v2\/media?parent=19803"}],"wp:term":[{"taxonomy":"category","embeddable":true,"href":"https:\/\/www.forum-soegel.de\/information\/wp-json\/wp\/v2\/categories?post=19803"},{"taxonomy":"post_tag","embeddable":true,"href":"https:\/\/www.forum-soegel.de\/information\/wp-json\/wp\/v2\/tags?post=19803"}],"curies":[{"name":"wp","href":"https:\/\/api.w.org\/{rel}","templated":true}]}}