{"id":19776,"date":"2016-09-03T10:05:40","date_gmt":"2016-09-03T08:05:40","guid":{"rendered":"https:\/\/www.forum-soegel.de\/information\/?p=19776"},"modified":"2016-09-03T10:05:40","modified_gmt":"2016-09-03T08:05:40","slug":"schleppjagd-mit-hubertusmesse-auf-schloss-clemenswerth","status":"publish","type":"post","link":"https:\/\/www.forum-soegel.de\/information\/2016\/09\/schleppjagd-mit-hubertusmesse-auf-schloss-clemenswerth\/","title":{"rendered":"Schleppjagd mit Hubertusmesse auf Schloss Clemenswerth"},"content":{"rendered":"<p><img loading=\"lazy\" decoding=\"async\" class=\"alignleft size-full wp-image-17258\" title=\"Schloss Clemenswerth\" src=\"https:\/\/www.forum-soegel.de\/information\/wp-content\/uploads\/2015\/09\/Schloss-Clemenswerth.jpg\" alt=\"\" width=\"201\" height=\"130\" \/>S\u00f6gel &#8211; Am Sonntag, den 25. September, bildet Schloss Clemenswerth von 11 bis 17 Uhr wieder die Kulisse f\u00fcr die allj\u00e4hrliche Schleppjagd \u00fcber den H\u00fcmmling. Wie in den vergangenen Jahren wird der Tag um 11 Uhr durch eine Hubertusmesse mit Pfarrer Bernhard Horstmann und den Clemenswerther Jagdhornbl\u00e4sern er\u00f6ffnet. Bereits zur Messe sind die ersten Reiter mit ihren Pferden vor Ort. Auch Hundebesitzer, J\u00e4ger und Falkner sind eingeladen, ihre tierischen Begleiter zur Messe unter freiem Himmel mitzubringen. Die Festhoch\u00e4mter der St. Jakobus Kirche und der Schlosskapelle entfallen an diesem Sonntag. Nach der Messe ist f\u00fcr einen deftigen Mittagsimbiss durch den Schlosskeller sowie den Reit- und Fahrverein S\u00f6gel e.V. (RuF) auf dem Gel\u00e4nde gesorgt. Ab 12 Uhr versammeln sich die standesgem\u00e4\u00df gekleideten Reiter zum \u201eStelldichein\u201c. Die Jagdgesellschaft startet mit der Cappenberger Hundemeute nach der Begr\u00fc\u00dfung um 13.30 Uhr zur rund 15 Kilometer langen Schleppjagd \u00fcber den H\u00fcmmling. Jagdherrin in diesem Jahr ist Marina Sanders aus S\u00f6gel. Zum Pausenstopp auf dem Reitplatz in Werpeloh wird Interessierten eine Mitfahrgelegenheit im Planwagen angeboten. Auch bei den Besuchern wird bis zur R\u00fcckkehr der Reiter um ca. 16.30 Uhr keine Langeweile aufkommen: Es gibt verschiedene Info- und Verkaufsst\u00e4nde rund um die Jagd und den Reitsport wie beispielsweise das J\u00e4germobil der J\u00e4gerschaft Aschendorf-H\u00fcmmling e.V. und einen Kutschen-Korso. Beim Steckenpferdrennen (ab 12 Uhr) k\u00f6nnen sich die kleinen Besucher mit einem Leihpferd oder ihrem eigenem wilden \u201eHolzhengst\u201c auf einem Parcours beweisen. Dabei geht es nicht um Schnelligkeit, sondern auch um Geschicklichkeit und das gewisse Qu\u00e4ntchen Gl\u00fcck. Den Gewinnern winken u.a. Schnupperreitstunden. Selbstverst\u00e4ndlich ist der RuF wieder mit Ponyreiten (ab 14 Uhr) vor Ort. Auch der Basteltisch fehlt nicht im Programm. Durch den Tag f\u00fchrt als Moderator in bew\u00e4hrter Weise Michael Gr\u00fcnberg. \u00a0Mit dem traditionell geblasenen \u201eHalali\u201c, dem Eichenbruch f\u00fcr die Reiter und dem Rinderpansen f\u00fcr die Hundemeute wird die Jagd gegen 17 Uhr beschlossen. Veranstalter der Schleppjagd sind das Emslandmuseum Schloss Clemenswerth in Zusammenarbeit mit dem Reit- und Fahrverein S\u00f6gel e.V. sowie der Gemeinde S\u00f6gel. Der Eintritt auf dem Gel\u00e4nde ist frei. F\u00fcr den Museumsbesuch gilt der regul\u00e4re Eintritt.<\/p>\n<p>Text: Ramona Krons \/ Foto: Emslandmuseum Schloss Clemenswerth<\/p>\n<p><a href=\"https:\/\/www.forum-soegel.de\/information\/wp-content\/uploads\/2016\/09\/Text-Schleppjagd.jpg\"><img loading=\"lazy\" decoding=\"async\" class=\"alignnone size-medium wp-image-19777\" title=\"Text Schleppjagd\" src=\"https:\/\/www.forum-soegel.de\/information\/wp-content\/uploads\/2016\/09\/Text-Schleppjagd-300x200.jpg\" alt=\"\" width=\"300\" height=\"200\" srcset=\"https:\/\/www.forum-soegel.de\/information\/wp-content\/uploads\/2016\/09\/Text-Schleppjagd-300x200.jpg 300w, https:\/\/www.forum-soegel.de\/information\/wp-content\/uploads\/2016\/09\/Text-Schleppjagd.jpg 1024w\" sizes=\"auto, (max-width: 300px) 100vw, 300px\" \/><\/a><\/p>\n","protected":false},"excerpt":{"rendered":"S\u00f6gel &#8211; Am Sonntag, den 25. September, bildet Schloss Clemenswerth von 11 bis 17 Uhr wieder die Kulisse f\u00fcr die allj\u00e4hrliche Schleppjagd \u00fcber den H\u00fcmmling. Wie in den vergangenen Jahren wird der Tag um 11 Uhr durch eine Hubertusmesse mit Pfarrer Bernhard Horstmann und den Clemenswerther Jagdhornbl\u00e4sern er\u00f6ffnet. Bereits zur Messe sind die ersten Reiter [&hellip;]\n","protected":false},"author":2,"featured_media":0,"comment_status":"closed","ping_status":"closed","sticky":false,"template":"","format":"standard","meta":{"ngg_post_thumbnail":0,"footnotes":""},"categories":[3],"tags":[],"class_list":["post-19776","post","type-post","status-publish","format-standard","hentry","category-aktuelles-aus-der-region"],"_links":{"self":[{"href":"https:\/\/www.forum-soegel.de\/information\/wp-json\/wp\/v2\/posts\/19776","targetHints":{"allow":["GET"]}}],"collection":[{"href":"https:\/\/www.forum-soegel.de\/information\/wp-json\/wp\/v2\/posts"}],"about":[{"href":"https:\/\/www.forum-soegel.de\/information\/wp-json\/wp\/v2\/types\/post"}],"author":[{"embeddable":true,"href":"https:\/\/www.forum-soegel.de\/information\/wp-json\/wp\/v2\/users\/2"}],"replies":[{"embeddable":true,"href":"https:\/\/www.forum-soegel.de\/information\/wp-json\/wp\/v2\/comments?post=19776"}],"version-history":[{"count":2,"href":"https:\/\/www.forum-soegel.de\/information\/wp-json\/wp\/v2\/posts\/19776\/revisions"}],"predecessor-version":[{"id":19779,"href":"https:\/\/www.forum-soegel.de\/information\/wp-json\/wp\/v2\/posts\/19776\/revisions\/19779"}],"wp:attachment":[{"href":"https:\/\/www.forum-soegel.de\/information\/wp-json\/wp\/v2\/media?parent=19776"}],"wp:term":[{"taxonomy":"category","embeddable":true,"href":"https:\/\/www.forum-soegel.de\/information\/wp-json\/wp\/v2\/categories?post=19776"},{"taxonomy":"post_tag","embeddable":true,"href":"https:\/\/www.forum-soegel.de\/information\/wp-json\/wp\/v2\/tags?post=19776"}],"curies":[{"name":"wp","href":"https:\/\/api.w.org\/{rel}","templated":true}]}}