{"id":19768,"date":"2016-09-03T10:02:30","date_gmt":"2016-09-03T08:02:30","guid":{"rendered":"https:\/\/www.forum-soegel.de\/information\/?p=19768"},"modified":"2016-09-03T10:02:30","modified_gmt":"2016-09-03T08:02:30","slug":"cdu","status":"publish","type":"post","link":"https:\/\/www.forum-soegel.de\/information\/2016\/09\/cdu\/","title":{"rendered":"CDU"},"content":{"rendered":"<p style=\"text-align: left;\" align=\"center\"><strong><em>CDU Fraktion S\u00f6gel moniert Finanzierungsstruktur des Landes<\/em><\/strong><\/p>\n<p>S\u00f6gel &#8211; Die CDU Fraktion S\u00f6gel besuchte in diesen Tagen das H\u00fcmmling Hospital S\u00f6gel und lie\u00df sich von der Verwaltungsspitze des Hospital die Struktur des Hauses und insbesondere dessen Finanzierung erl\u00e4utern. Seit der Einf\u00fchrung des Krankenhausfinanzierungsgesetzes (KHG) im Juni 1972 unterliegen deutsche Krankenh\u00e4user der dualen Finanzierung. Duale Finanzierung bedeutet, dass die Investitionen in den Krankenh\u00e4usern durch die L\u00e4nder finanziert werden und die laufenden Betriebskosten durch die Krankenkassen. Nach Aussagen von Gesch\u00e4ftsf\u00fchrer Ansgar Veer k\u00e4men die Bundesl\u00e4nder ihren Aufgaben zur finanziellen Sicherstellung der Krankenh\u00e4user in dem erforderlichen Ma\u00dfe nicht nach. Insgesamt fehlten nach Berechnungen der DKG rund 3 Mrd. Euro j\u00e4hrlich. Auch im Land Niedersachsen g\u00e4be es einen Investitionsstau. Kommunen werden immer h\u00e4ufiger zur Finanzierung von Investitionsma\u00dfnahmen herangezogen, damit der wirtschaftliche Betrieb aufrechterhalten bleiben kann. Die Besucher zeigen sich entt\u00e4uscht \u00fcber die unzureichende Finanzierungsstruktur des Landes und dem komplizierten Abrechnungsmodus mit den Krankenkassen. Dazu Karl Steinbild: \u201eOhne die finanzielle Unterst\u00fctzung des Landkreises, Samtgemeinde, der Gemeinde S\u00f6gel und der St Bonifatius Hospitalgesellschaft Lingen e. V. h\u00e4tte das Haus keine gesicherte Zukunft gehabt.\u201c<\/p>\n<p>Text\/Foto: CDU Fraktion S\u00f6gel<\/p>\n<p><a href=\"https:\/\/www.forum-soegel.de\/information\/wp-content\/uploads\/2016\/09\/Politik-CDU-Fraktion-S\u00f6gel-moniert-Finanzierungsstruktur-des-Landes.jpg\"><img loading=\"lazy\" decoding=\"async\" class=\"alignnone size-medium wp-image-19769\" title=\"Politik!!! CDU Fraktion S\u00f6gel moniert Finanzierungsstruktur des Landes\" src=\"https:\/\/www.forum-soegel.de\/information\/wp-content\/uploads\/2016\/09\/Politik-CDU-Fraktion-S\u00f6gel-moniert-Finanzierungsstruktur-des-Landes-300x220.jpg\" alt=\"\" width=\"300\" height=\"220\" srcset=\"https:\/\/www.forum-soegel.de\/information\/wp-content\/uploads\/2016\/09\/Politik-CDU-Fraktion-S\u00f6gel-moniert-Finanzierungsstruktur-des-Landes-300x220.jpg 300w, https:\/\/www.forum-soegel.de\/information\/wp-content\/uploads\/2016\/09\/Politik-CDU-Fraktion-S\u00f6gel-moniert-Finanzierungsstruktur-des-Landes.jpg 1024w\" sizes=\"auto, (max-width: 300px) 100vw, 300px\" \/><\/a><\/p>\n<p>&nbsp;<\/p>\n<p>&nbsp;<\/p>\n<p align=\"center\"><strong><em>\u00a0<\/em><\/strong><\/p>\n<p style=\"text-align: left;\" align=\"center\"><strong><em>Informationsbesuch in der Werpeloher Kindertagesst\u00e4tte<\/em><\/strong><\/p>\n<p style=\"text-align: left;\">Werpeloh &#8211; Mitglieder des CDU Ortsverbandes und der CDU-Fraktion Werpeloh haben sich vor Ort mit der Kreistagskandidatin Rita Hagenhoff einen \u00dcberblick \u00fcber die\u00a0 Angebote und Gruppenaufteilungen der Werpeloher Kindertagesst\u00e4tte informiert. Kindergartenleiterin Silvia Brinkmann berichtete \u00fcber die Entwicklung der letzten Jahre.<\/p>\n<p>&#8222;Im Verlauf der letzten 10 &#8211; 15 Jahre hat sich der Kindergarten\u00a0 Werpeloh stets ver\u00e4ndert. Immer wieder haben wir uns dem Bedarf der Eltern im Rahmen unserer M\u00f6glichkeiten angepasst.&#8220; So seien zu Beginn ihrer T\u00e4tigkeit im Werpeloher Kindergarten zwei Gruppen mit jeweils einer vierst\u00fcndigen Betreuung vorhanden gewesen, sagte Brinkmann. Die Stundenzahl sei dann erh\u00f6ht worden, sp\u00e4ter wurden alters\u00fcbergreifende Gruppen eingerichtet worden. Ein rapider Abstieg der Geburtenzahlen hat es vor Jahren n\u00f6tig gemacht, sich nach Alternativen umzuschauen. Eine L\u00f6sung habe man gefunden,\u00a0 indem die Werpeloher Kindertagesst\u00e4tte mit Kindern aus den umliegenden Gemeinden &#8222;aufgestockt&#8220; wurde. Es erfolgten die Sanierung und ein Umbau des Kindergartens vor wenigen Jahren. In 2015 sei man dann f\u00f6rmlich \u00fcberrascht worden \u00fcber einer gro\u00dfen Anzahl von Anmeldungen, so dass ein Bewegungsraum zum dritten Gruppenraum f\u00fcr Kleingruppen umfunktioniert werden musste, berichtete Brinkmann den interessierten CDU-G\u00e4sten. Die Anzahl der Kindergartenpl\u00e4tze wurde von 40 auf 50 Kindern angehoben. Eine neue Mitarbeiterin eingestellt. Dieses sei alles immer im Einvernehmen mit dem Tr\u00e4ger der Einrichtung, dem Bistum Osnabr\u00fcck, dem Kirchenvorstand und der politischen Gemeinde Werpeloh geschehen, lobte Brinkmann die gute Zusammenarbeit.<\/p>\n<p>B\u00fcrgermeister Hans Geerswilken sagte in diesem Zusammenhang, dass der Kindergarten eine gro\u00dfe Bedeutung f\u00fcr die Gemeinde habe. &#8222;Ein Kindergarten ist ebenso wie unsere Grundschule ein wichtiger Standortfaktor f\u00fcr Werpeloh. So k\u00f6nnen wir den zahlreichen Familien zumindest bis zum Ende der Grundschulzeit ein wohnortnahes Betreuungs- und Bildungsangebot bieten.&#8220;\u00a0 Diesem stimmte CDU-Ortsverbandsvorsitzender Heinz Sandker zu. &#8222;Es hat sich gelohnt, die d\u00fcrren Jahre zu \u00fcberbr\u00fccken. In den Baugebieten wird kr\u00e4ftig gebaut. Die jungen Familien haben eine Perspektive bei uns.&#8220;<\/p>\n<p>Kreistagskandidatin Rita Hagenhoff lobte ebenfalls das gute Angebot f\u00fcr die Werpeloher Familien. &#8222;Mit der Einrichtung der k\u00fcrzlich erst eingerichteten Kinderkrippe k\u00f6nnen hier Kinder in ganz jungen Jahren bereits zuverl\u00e4ssig betreut werden. Die Kleinen f\u00fchlen sich hier offensichtlich wohl. Die Kinderkrippe stellt eine echte Betreuungsalternative dar,\u00a0 wenn beide Elternteile zur Arbeit gehen.&#8220;<\/p>\n<p>Abschlie\u00dfend versprachen alle G\u00e4ste, das Bestreben des Kindergartens nach einem neuen Bewegungsraum zu unterst\u00fctzen.<\/p>\n<p>Text\/Foto: CDU-Ortsverband Werpeloh<\/p>\n<p>&nbsp;<\/p>\n<div id=\"attachment_19770\" style=\"width: 310px\" class=\"wp-caption alignnone\"><a href=\"https:\/\/www.forum-soegel.de\/information\/wp-content\/uploads\/2016\/09\/Politik-Informationsbesuch-in-der-Werpeloher-Kindertagesst\u00e4tte.jpg\"><img loading=\"lazy\" decoding=\"async\" aria-describedby=\"caption-attachment-19770\" class=\"size-medium wp-image-19770\" title=\"Politik!!! Informationsbesuch in der Werpeloher Kindertagesst\u00e4tte\" src=\"https:\/\/www.forum-soegel.de\/information\/wp-content\/uploads\/2016\/09\/Politik-Informationsbesuch-in-der-Werpeloher-Kindertagesst\u00e4tte-300x245.jpg\" alt=\"\" width=\"300\" height=\"245\" srcset=\"https:\/\/www.forum-soegel.de\/information\/wp-content\/uploads\/2016\/09\/Politik-Informationsbesuch-in-der-Werpeloher-Kindertagesst\u00e4tte-300x245.jpg 300w, https:\/\/www.forum-soegel.de\/information\/wp-content\/uploads\/2016\/09\/Politik-Informationsbesuch-in-der-Werpeloher-Kindertagesst\u00e4tte.jpg 940w\" sizes=\"auto, (max-width: 300px) 100vw, 300px\" \/><\/a><p id=\"caption-attachment-19770\" class=\"wp-caption-text\">Vertreter der CDU Werpeloh waren in der Kindertagesst\u00e4tte St. Franziskus in Werpeloh zu Gast und haben sich \u00fcber das Betreuungsangebot informiert.<\/p><\/div>\n<p>&nbsp;<\/p>\n<p style=\"text-align: left;\" align=\"center\"><strong><em>Ferienpassaktion der Jungen Union Aschendorf-H\u00fcmmling in Zusammenarbeit mit der Samtgemeinde S\u00f6gel<\/em><\/strong><\/p>\n<p>Die Junge Union Aschendorf-H\u00fcmmling veranstaltete k\u00fcrzlich gemeinsam mit dem JU Ortsverband S\u00f6gel im Rahmen des Ferienpassangebots der Samtgemeinde S\u00f6gel erstmals eine Rallye durch das S\u00f6geler Rathaus.<\/p>\n<p>Wie viele Menschen leben eigentlich in unserer Samtgemeinde und wof\u00fcr steht unser Wappen? Was sind die Aufgaben eines Samtgemeindeb\u00fcrgermeisters und wo tagt der Rat der Gemeinde? Wo kann ich meinen Hund anmelden und einen Reisepass beantragen?<\/p>\n<p>Diesen und vielen weiteren Fragen ging k\u00fcrzlich eine Gruppe Jungen und M\u00e4dchen im Rahmen einer Ferienpassaktion der JU Aschendorf-H\u00fcmmling und der Samtgemeinde S\u00f6gel auf den Grund.<\/p>\n<p>Nach einer Einf\u00fchrung und allgemeinen Vorstellung durch den Ersten Samtgemeinderat und stellv. Gemeindedirektor Hans Nowak, konnten die Kinder das Rathaus w\u00e4hrend einer Rallye auf eigene Faust erkunden. Ein Laufzettel mit unterschiedlichsten Aufgaben und Fragen, f\u00fchrte sie dabei in die einzelnen Fachbereiche der Verwaltung. Tatkr\u00e4ftige Unterst\u00fctzung bei der Beantwortung der Fragen gab es dabei von den Mitarbeiterinnen und Mitarbeitern. So konnten die Kinder auch viel Praktisches f\u00fcr den Alltag mitnehmen. \u201eWenn wir jetzt bald einen Hund bekommen, wei\u00df ich sogar wo wir ihn anmelden k\u00f6nnen\u201c, zeigte sich eines der Kinder begeistert.<\/p>\n<p>\u201eF\u00fcr Kinder und Jugendliche ist ein Rathaus h\u00e4ufig ein Ort mit dem sie wenig verbinden und womit sie im Alltag kaum Ber\u00fchrungspunkte haben\u201c, so das S\u00f6geler JU-Vorstandsmitglied Sandra Wichmann. \u201eDaher haben wir uns besonders gefreut, dass auch die Samtgemeinde S\u00f6gel sofort ihre Unterst\u00fctzung zugesagt hat. So konnten wir auf Kreisebene mit S\u00f6gel und auch D\u00f6rpen gleich zwei Veranstaltungen dieser Art anbieten\u201c erg\u00e4nzt die Kreisvorsitzende Veronika Eilers.<\/p>\n<p>Besonderes Highlight f\u00fcr die Jungen und M\u00e4dchen im momentan allgemeinen Pok\u00e9mon-Fieber: Im ganzen Rathaus hatten sich zahlreiche Pok\u00e9mon-Figuren versteckt, die von den Kindern eifrig gesucht wurden. Zum Abschluss gab es dann noch f\u00fcr alle eine St\u00e4rkung. Neben viel neuem Wissen konnten dann die gesammelten Pok\u00e9mons, eine Urkunde sowie kleine Preise mit nach Hause genommen werden.<\/p>\n<p>Text\/Foto: JU S\u00f6gel<\/p>\n<p>&nbsp;<\/p>\n<div id=\"attachment_19771\" style=\"width: 310px\" class=\"wp-caption alignnone\"><a href=\"https:\/\/www.forum-soegel.de\/information\/wp-content\/uploads\/2016\/09\/Politik-Ferienpassaktion-der-Jungen-Union-Aschendorf-H\u00fcmmling.jpg\"><img loading=\"lazy\" decoding=\"async\" aria-describedby=\"caption-attachment-19771\" class=\"size-medium wp-image-19771\" title=\"Politik!!! Ferienpassaktion der Jungen Union Aschendorf-H\u00fcmmling\" src=\"https:\/\/www.forum-soegel.de\/information\/wp-content\/uploads\/2016\/09\/Politik-Ferienpassaktion-der-Jungen-Union-Aschendorf-H\u00fcmmling-300x200.jpg\" alt=\"\" width=\"300\" height=\"200\" srcset=\"https:\/\/www.forum-soegel.de\/information\/wp-content\/uploads\/2016\/09\/Politik-Ferienpassaktion-der-Jungen-Union-Aschendorf-H\u00fcmmling-300x200.jpg 300w, https:\/\/www.forum-soegel.de\/information\/wp-content\/uploads\/2016\/09\/Politik-Ferienpassaktion-der-Jungen-Union-Aschendorf-H\u00fcmmling.jpg 1024w\" sizes=\"auto, (max-width: 300px) 100vw, 300px\" \/><\/a><p id=\"caption-attachment-19771\" class=\"wp-caption-text\">Das Bild zeigt die Teilnehmer der Ferienpassaktion mit hinten recht Hans Nowak, davor Veronika Eilers (Kreisvorsitzende Junge Union Aschendorf-H\u00fcmmling) und hinten links Sandra Wichmann (JU-Vorstand Ortsverband S\u00f6gel)<\/p><\/div>\n<p>&nbsp;<\/p>\n<p style=\"text-align: left;\" align=\"center\"><strong><em>CDU Werpeloh pr\u00e4sentiert sich<\/em><\/strong><\/p>\n<p>Werpeloh &#8211; Die Kandidaten der CDU in der Gemeinde Werpeloh stehen f\u00fcr die Kommunalwahl fest. Dieses teilt der CDU-Ortsverband Werpeloh in einer Pressemitteilung mit.<\/p>\n<p>Heinz Sandker, Vorsitzender des CDU Ortsverbandes Werpeloh, zieht ein positives Res\u00fcmee \u00fcber die Kandidatenlisten f\u00fcr den Gemeinde- und Samtgemeinderat. \u201eNeben bekannten Gesichtern konnten wir auch mehrere Neuzug\u00e4nge begr\u00fc\u00dfen. Wir freuen uns besonders, dass es uns gelungen ist, Frauen wie M\u00e4nner sowie J\u00fcngere und \u00c4ltere f\u00fcr die Kommunalwahl zu gewinnen.\u201c<\/p>\n<p>Zu verdanken sei dieses dem gemeinsamen Bestreben des CDU-Ortsverbandes, eine breite und zahlreiche Auswahl an Kandidaten dem W\u00e4hler zur Verf\u00fcgung zu stellen. Besonders freue sich Heinz Sandker, Rita Hagenhoff als Kandidatin f\u00fcr den Kreistag gewonnen zu haben.\u00a0 Heinz Sandker wies auf die erfolgreiche Kooperation der vergangenen Jahre mit\u00a0 dem CDU Ortsverband Spahnharrenst\u00e4tte hin, in der es den beiden Gemeinden gelungen war, ihren gemeinsam vorgeschlagenen Kandidaten in den Kreistag zu katapultieren.<\/p>\n<p>\u201eWir hoffen, dass Rita Hagenhoff mit Unterst\u00fctzung der W\u00e4hler aus den Nachbargemeinden es in den Kreistag schafft. Damit h\u00e4tten wir eine kompetente Frau an einer wichtigen Stellschraube f\u00fcr unsere Region gesetzt.\u201c<\/p>\n<p>In folgender Reihenfolge kandidieren die Kandidaten der CDU Werpeloh f\u00fcr den Gemeinderat:\u00a0 Johann Geerswilken, Maria Kock, Veronika L\u00fcbbers, Rita Hagenhoff, Hermann Kuper, Ansgar Schomakers, Thomas Hackmann,\u00a0 Antonius Lammers, Klaus Wessels, Olaf Kruithoff, Holger Kuper, Johannes Sievers, Christoph Eilers,\u00a0 Arnd Sievers, Michael Horstmann und Jens H\u00fcntelmann.<\/p>\n<p>F\u00fcr die Samtgemeinde kandidieren aus Werpeloh Johann Geerswilken, Maria Kock und Thomas Hackmann. Zur Wahl f\u00fcr den Kreistag stellt sich Rita Hagenhoff auf.<\/p>\n<p>Text: Ingrid Cloppenburg<\/p>\n<p>&nbsp;<\/p>\n<p style=\"text-align: left;\" align=\"center\"><strong><em>CDU Spahnharrenst\u00e4tte und Werpeloh unterst\u00fctzen Kandidatur von Rita Hagenhoff<\/em><\/strong><\/p>\n<p>Spahnharrenst\u00e4tte\/Werpeloh &#8211; Die beiden CDU-Ortsvorsitzenden Markus Freese (Spahnharrenst\u00e4tte) und Heinz Sandker (Werpeloh) sind erfreut, Rita Hagenhoff als Kreistagskandidatin f\u00fcr die beiden Gemeinden Spahnharrenst\u00e4tte und Werpeloh gewonnen zu haben.<\/p>\n<p>Markus Freese betonte im Kreise des anwesenden CDU Ortsverbandes Spahnharrenst\u00e4tte, dass nach einer langen Suche seine Freude umso gr\u00f6\u00dfer sei, doch noch eine geeignete Kandidatin ins Rennen schicken zu k\u00f6nnen.<\/p>\n<p>Heinz Sandker wies auf die erfolgreiche Kooperation der vergangenen Jahre hin, in der es den beiden Gemeinden gelungen war, ihren gemeinsam vorgeschlagenen Kandidaten in den Kreistag zu katapultieren. In den letzten 10 Jahren vertrat Bernd Schmitz die Gemeinden, der sich aber nicht f\u00fcr eine erneute Legislaturperiode zur Verf\u00fcgung stellte.<\/p>\n<p>\u201eAm 11. September k\u00f6nnen unsere Gemeinden nur gemeinsam daf\u00fcr sorgen, dass wir in den n\u00e4chsten Jahren wiederum von einem starken Kandidaten im Kreistag vertreten werden\u201c,\u00a0 so Markus Freese. \u201eDamit die Zukunft unserer D\u00f6rfer gesichert ist und weiterhin erbl\u00fchen\u201c so stellt sich der ausdr\u00fcckliche Wunsch des Vorsitzenden dar. Der Vorstand des Ortsverbandes der CDU unterstrich dieses Ziel und nahm die Kandidatur von Rita Hagenhoff ebenfalls erfreut auf.<\/p>\n<p>Zur Person der CDU Kandidatin: Rita Hagenhoff ist verheiratet, 1964 geboren, wohnt in Werpeloh und hat 2 erwachsene Kinder. Seit \u00fcber drei\u00dfig Jahren ist sie beim Malteser Hilfsdienst t\u00e4tig und leitet die Dienststellen S\u00f6gel und Papenburg.<\/p>\n<p>Weitere Infos zur Person Rita Hagenhoff, wird es in k\u00fcrze durch den CDU-Ortsverband Spahnharrenst\u00e4tte geben.<\/p>\n<p>F\u00fcr das angestrebte Ziel,\u00a0 sich im Kreistag f\u00fcr die Interessen der D\u00f6rfer und somit des l\u00e4ndlichen Raumes einzusetzen,\u00a0 holte sie sich die Zustimmung der Familie und ihres Arbeitgebers, der sie f\u00fcr diese T\u00e4tigkeit freistellen w\u00fcrde.<\/p>\n<p><a href=\"https:\/\/www.forum-soegel.de\/information\/wp-content\/uploads\/2016\/09\/POLITIK-CDU-Spahnharrenst\u00e4tte-und-Werpeloh-unterst\u00fctzen-Kandidatur-von-Rita-Hagenhoff1.jpg\"><img loading=\"lazy\" decoding=\"async\" class=\"alignnone size-thumbnail wp-image-19772\" title=\"POLITIK!!! CDU Spahnharrenst\u00e4tte und Werpeloh unterst\u00fctzen Kandidatur von Rita Hagenhoff1\" src=\"https:\/\/www.forum-soegel.de\/information\/wp-content\/uploads\/2016\/09\/POLITIK-CDU-Spahnharrenst\u00e4tte-und-Werpeloh-unterst\u00fctzen-Kandidatur-von-Rita-Hagenhoff1-150x150.jpg\" alt=\"\" width=\"150\" height=\"150\" \/><\/a>\u00a0\u00a0<a href=\"https:\/\/www.forum-soegel.de\/information\/wp-content\/uploads\/2016\/09\/POLITIK-CDU-Spahnharrenst\u00e4tte-und-Werpeloh-unterst\u00fctzen-Kandidatur-von-Rita-Hagenhoff2.jpg\"><img loading=\"lazy\" decoding=\"async\" class=\"alignnone size-thumbnail wp-image-19773\" title=\"POLITIK!!! CDU Spahnharrenst\u00e4tte und Werpeloh unterst\u00fctzen Kandidatur von Rita Hagenhoff2\" src=\"https:\/\/www.forum-soegel.de\/information\/wp-content\/uploads\/2016\/09\/POLITIK-CDU-Spahnharrenst\u00e4tte-und-Werpeloh-unterst\u00fctzen-Kandidatur-von-Rita-Hagenhoff2-150x150.jpg\" alt=\"\" width=\"150\" height=\"150\" \/><\/a>\u00a0\u00a0<a href=\"https:\/\/www.forum-soegel.de\/information\/wp-content\/uploads\/2016\/09\/POLITIK-CDU-Spahnharrenst\u00e4tte-und-Werpeloh-unterst\u00fctzen-Kandidatur-von-Rita-Hagenhoff3.jpg\"><img loading=\"lazy\" decoding=\"async\" class=\"alignnone size-thumbnail wp-image-19774\" title=\"POLITIK!!! CDU Spahnharrenst\u00e4tte und Werpeloh unterst\u00fctzen Kandidatur von Rita Hagenhoff3\" src=\"https:\/\/www.forum-soegel.de\/information\/wp-content\/uploads\/2016\/09\/POLITIK-CDU-Spahnharrenst\u00e4tte-und-Werpeloh-unterst\u00fctzen-Kandidatur-von-Rita-Hagenhoff3-150x150.jpg\" alt=\"\" width=\"150\" height=\"150\" \/><\/a><\/p>\n<p>Text\/Foto: Markus Freese, CDU-Ortsvorsitzender Spahnharrenst\u00e4tte, Heinz Sandker, CDU-Ortsvorsitzender Werpeloh<\/p>\n","protected":false},"excerpt":{"rendered":"CDU Fraktion S\u00f6gel moniert Finanzierungsstruktur des Landes S\u00f6gel &#8211; Die CDU Fraktion S\u00f6gel besuchte in diesen Tagen das H\u00fcmmling Hospital S\u00f6gel und lie\u00df sich von der Verwaltungsspitze des Hospital die Struktur des Hauses und insbesondere dessen Finanzierung erl\u00e4utern. Seit der Einf\u00fchrung des Krankenhausfinanzierungsgesetzes (KHG) im Juni 1972 unterliegen deutsche Krankenh\u00e4user der dualen Finanzierung. Duale Finanzierung [&hellip;]\n","protected":false},"author":2,"featured_media":0,"comment_status":"closed","ping_status":"closed","sticky":false,"template":"","format":"standard","meta":{"ngg_post_thumbnail":0,"footnotes":""},"categories":[3],"tags":[],"class_list":["post-19768","post","type-post","status-publish","format-standard","hentry","category-aktuelles-aus-der-region"],"_links":{"self":[{"href":"https:\/\/www.forum-soegel.de\/information\/wp-json\/wp\/v2\/posts\/19768","targetHints":{"allow":["GET"]}}],"collection":[{"href":"https:\/\/www.forum-soegel.de\/information\/wp-json\/wp\/v2\/posts"}],"about":[{"href":"https:\/\/www.forum-soegel.de\/information\/wp-json\/wp\/v2\/types\/post"}],"author":[{"embeddable":true,"href":"https:\/\/www.forum-soegel.de\/information\/wp-json\/wp\/v2\/users\/2"}],"replies":[{"embeddable":true,"href":"https:\/\/www.forum-soegel.de\/information\/wp-json\/wp\/v2\/comments?post=19768"}],"version-history":[{"count":1,"href":"https:\/\/www.forum-soegel.de\/information\/wp-json\/wp\/v2\/posts\/19768\/revisions"}],"predecessor-version":[{"id":19775,"href":"https:\/\/www.forum-soegel.de\/information\/wp-json\/wp\/v2\/posts\/19768\/revisions\/19775"}],"wp:attachment":[{"href":"https:\/\/www.forum-soegel.de\/information\/wp-json\/wp\/v2\/media?parent=19768"}],"wp:term":[{"taxonomy":"category","embeddable":true,"href":"https:\/\/www.forum-soegel.de\/information\/wp-json\/wp\/v2\/categories?post=19768"},{"taxonomy":"post_tag","embeddable":true,"href":"https:\/\/www.forum-soegel.de\/information\/wp-json\/wp\/v2\/tags?post=19768"}],"curies":[{"name":"wp","href":"https:\/\/api.w.org\/{rel}","templated":true}]}}