{"id":19764,"date":"2016-09-03T09:55:05","date_gmt":"2016-09-03T07:55:05","guid":{"rendered":"https:\/\/www.forum-soegel.de\/information\/?p=19764"},"modified":"2016-09-03T09:55:05","modified_gmt":"2016-09-03T07:55:05","slug":"uwg","status":"publish","type":"post","link":"https:\/\/www.forum-soegel.de\/information\/2016\/09\/uwg\/","title":{"rendered":"UWG"},"content":{"rendered":"<p style=\"text-align: left;\" align=\"center\"><strong><em>Unabh\u00e4ngige W\u00e4hlergemeinschaften Stavern und SG S\u00f6gel stellen sich f\u00fcr die Kommunalwahl auf<\/em><\/strong><\/p>\n<p>Die UWG Stavern hat die Kandidatenliste f\u00fcr die am 11. September 2016 anstehende Gemeinderatswahl einstimmig beschlossen. Angef\u00fchrt wird die Liste von Gerd Rode, der seit 30 Jahren im Rat Stavern mitarbeitet. Der Kreisvorsitzende der UWG Emsland ist seit 15 Jahren im Samtgemeinderat S\u00f6gel und seit 2011 im Kreistag vertreten. Lothar Kubath, auf Platz 2 der Liste, ist seit 2011 f\u00fcr die UWG im Gemeinderat. Erstmalig werden Sina Rolfes, Patrick Rode, Hermann Schwindeler und Heinz G\u00fcnnemann f\u00fcr den Staverner Rat kandidieren. \u201eWir freuen uns, dass wir mit Sina Rolfes (22 Jahre) und Patrick Rode (24 Jahre) zwei junge B\u00fcrger des Ortes f\u00fcr die Politik gewinnen konnten\u201c, so der Ortsvorsitzende Gerd Rode. \u201eEs ist sehr wichtig, dass auch die junge Generation sich am politischen Leben beteiligt und ihre Vorstellungen mit einbringt\u201c. Die UWG m\u00f6chte eine offene Politik betreiben. \u201eJeder B\u00fcrger unseres Ortes soll wissen was gemacht wird und soll insbesondere die M\u00f6glichkeit haben, sich zu beteiligen und Vorschl\u00e4ge einbringen k\u00f6nnen\u201c, so die weiteren Aussagen. Die UWG Stavern spricht sich besonders f\u00fcr die Eigenst\u00e4ndigkeit des Ortes aus, wobei es hier unbedingt erforderlich ist, dass ein Plan f\u00fcr die Zukunft aufgestellt werden muss. \u201eDie Planungen, gerade in der Politik vor Ort, m\u00fcssen nicht am 01.01. beginnen und am 31.12. eines jeden Jahres aufh\u00f6ren\u201c, so die UWG. \u201eWir m\u00fcssen uns f\u00fcr die kommenden 10 bis 15 Jahre aufstellen und hierzu alle B\u00fcrger und Vereine der Gemeinde mit einbinden\u201c. Zur Samtgemeinderatswahl werden die Ortsverb\u00e4nde der UWG der SG S\u00f6gel mit jeweils einem Kandidaten antreten. Die UWG B\u00f6rger wird mit dem B\u00fcrgermeister der Gemeinde, Hermann W\u00f6ste, einen Kommunalpolitiker mit 30j\u00e4hriger Erfahrung \u201eins Rennen\u201c schicken. Aus Spahnharrenst\u00e4tte wird der stellvertretende Vorsitzende der \u00f6rtliche UWG, Hermann Meyer, antreten, der seit 15 Jahren politisch aktiv ist. Die Gemeinde Stavern soll Gerd Rode, sollte er gew\u00e4hlt werden, in den n\u00e4chsten 5 Jahren in S\u00f6gel vertreten.<\/p>\n<p>Text\/Foto: Gerd Rode<\/p>\n<div id=\"attachment_19765\" style=\"width: 310px\" class=\"wp-caption alignnone\"><a href=\"https:\/\/www.forum-soegel.de\/information\/wp-content\/uploads\/2016\/09\/Politik-UWG-S\u00f6gel-Unabh\u00e4ngige-W\u00e4hlergemeinschaften-Stavern-und-SG-S\u00f6gel-stellen-sich-f\u00fcr-die-Kommunalwahl-auf.jpg\"><img loading=\"lazy\" decoding=\"async\" aria-describedby=\"caption-attachment-19765\" class=\"size-medium wp-image-19765\" title=\"Politik!!! UWG S\u00f6gel - Unabh\u00e4ngige W\u00e4hlergemeinschaften Stavern und SG S\u00f6gel stellen sich f\u00fcr die Kommunalwahl auf\" src=\"https:\/\/www.forum-soegel.de\/information\/wp-content\/uploads\/2016\/09\/Politik-UWG-S\u00f6gel-Unabh\u00e4ngige-W\u00e4hlergemeinschaften-Stavern-und-SG-S\u00f6gel-stellen-sich-f\u00fcr-die-Kommunalwahl-auf-300x216.jpg\" alt=\"\" width=\"300\" height=\"216\" srcset=\"https:\/\/www.forum-soegel.de\/information\/wp-content\/uploads\/2016\/09\/Politik-UWG-S\u00f6gel-Unabh\u00e4ngige-W\u00e4hlergemeinschaften-Stavern-und-SG-S\u00f6gel-stellen-sich-f\u00fcr-die-Kommunalwahl-auf-300x216.jpg 300w, https:\/\/www.forum-soegel.de\/information\/wp-content\/uploads\/2016\/09\/Politik-UWG-S\u00f6gel-Unabh\u00e4ngige-W\u00e4hlergemeinschaften-Stavern-und-SG-S\u00f6gel-stellen-sich-f\u00fcr-die-Kommunalwahl-auf.jpg 1024w\" sizes=\"auto, (max-width: 300px) 100vw, 300px\" \/><\/a><p id=\"caption-attachment-19765\" class=\"wp-caption-text\">Die Kandidaten der UWG von links: Gerd Rode aus Stavern, Hermann Meyer aus Spahnharrenst\u00e4tte und Hermann W\u00f6ste aus B\u00f6rger<\/p><\/div>\n<div id=\"attachment_19766\" style=\"width: 310px\" class=\"wp-caption alignnone\"><a href=\"https:\/\/www.forum-soegel.de\/information\/wp-content\/uploads\/2016\/09\/Politik-UWG-Stavern-Unabh\u00e4ngige-W\u00e4hlergemeinschaften-Stavern-und-SG-S\u00f6gel-stellen-sich-f\u00fcr-die-Kommunalwahl-auf.jpg\"><img loading=\"lazy\" decoding=\"async\" aria-describedby=\"caption-attachment-19766\" class=\"size-medium wp-image-19766\" title=\"Politik!!! UWG Stavern - Unabh\u00e4ngige W\u00e4hlergemeinschaften Stavern und SG S\u00f6gel stellen sich f\u00fcr die Kommunalwahl auf\" src=\"https:\/\/www.forum-soegel.de\/information\/wp-content\/uploads\/2016\/09\/Politik-UWG-Stavern-Unabh\u00e4ngige-W\u00e4hlergemeinschaften-Stavern-und-SG-S\u00f6gel-stellen-sich-f\u00fcr-die-Kommunalwahl-auf-300x300.jpg\" alt=\"\" width=\"300\" height=\"300\" srcset=\"https:\/\/www.forum-soegel.de\/information\/wp-content\/uploads\/2016\/09\/Politik-UWG-Stavern-Unabh\u00e4ngige-W\u00e4hlergemeinschaften-Stavern-und-SG-S\u00f6gel-stellen-sich-f\u00fcr-die-Kommunalwahl-auf-300x300.jpg 300w, https:\/\/www.forum-soegel.de\/information\/wp-content\/uploads\/2016\/09\/Politik-UWG-Stavern-Unabh\u00e4ngige-W\u00e4hlergemeinschaften-Stavern-und-SG-S\u00f6gel-stellen-sich-f\u00fcr-die-Kommunalwahl-auf-150x150.jpg 150w, https:\/\/www.forum-soegel.de\/information\/wp-content\/uploads\/2016\/09\/Politik-UWG-Stavern-Unabh\u00e4ngige-W\u00e4hlergemeinschaften-Stavern-und-SG-S\u00f6gel-stellen-sich-f\u00fcr-die-Kommunalwahl-auf.jpg 768w\" sizes=\"auto, (max-width: 300px) 100vw, 300px\" \/><\/a><p id=\"caption-attachment-19766\" class=\"wp-caption-text\">Die Kandidaten hinten v. lks: Heinz G\u00fcnnemann, Herm. Schwindeler, Gerd Rode. vorne v.lks. Patrick Rode, Sina Rolfes, Lothar Kubath<\/p><\/div>\n","protected":false},"excerpt":{"rendered":"Unabh\u00e4ngige W\u00e4hlergemeinschaften Stavern und SG S\u00f6gel stellen sich f\u00fcr die Kommunalwahl auf Die UWG Stavern hat die Kandidatenliste f\u00fcr die am 11. September 2016 anstehende Gemeinderatswahl einstimmig beschlossen. Angef\u00fchrt wird die Liste von Gerd Rode, der seit 30 Jahren im Rat Stavern mitarbeitet. Der Kreisvorsitzende der UWG Emsland ist seit 15 Jahren im Samtgemeinderat S\u00f6gel [&hellip;]\n","protected":false},"author":2,"featured_media":0,"comment_status":"closed","ping_status":"closed","sticky":false,"template":"","format":"standard","meta":{"ngg_post_thumbnail":0,"footnotes":""},"categories":[3],"tags":[],"class_list":["post-19764","post","type-post","status-publish","format-standard","hentry","category-aktuelles-aus-der-region"],"_links":{"self":[{"href":"https:\/\/www.forum-soegel.de\/information\/wp-json\/wp\/v2\/posts\/19764","targetHints":{"allow":["GET"]}}],"collection":[{"href":"https:\/\/www.forum-soegel.de\/information\/wp-json\/wp\/v2\/posts"}],"about":[{"href":"https:\/\/www.forum-soegel.de\/information\/wp-json\/wp\/v2\/types\/post"}],"author":[{"embeddable":true,"href":"https:\/\/www.forum-soegel.de\/information\/wp-json\/wp\/v2\/users\/2"}],"replies":[{"embeddable":true,"href":"https:\/\/www.forum-soegel.de\/information\/wp-json\/wp\/v2\/comments?post=19764"}],"version-history":[{"count":1,"href":"https:\/\/www.forum-soegel.de\/information\/wp-json\/wp\/v2\/posts\/19764\/revisions"}],"predecessor-version":[{"id":19767,"href":"https:\/\/www.forum-soegel.de\/information\/wp-json\/wp\/v2\/posts\/19764\/revisions\/19767"}],"wp:attachment":[{"href":"https:\/\/www.forum-soegel.de\/information\/wp-json\/wp\/v2\/media?parent=19764"}],"wp:term":[{"taxonomy":"category","embeddable":true,"href":"https:\/\/www.forum-soegel.de\/information\/wp-json\/wp\/v2\/categories?post=19764"},{"taxonomy":"post_tag","embeddable":true,"href":"https:\/\/www.forum-soegel.de\/information\/wp-json\/wp\/v2\/tags?post=19764"}],"curies":[{"name":"wp","href":"https:\/\/api.w.org\/{rel}","templated":true}]}}