{"id":19761,"date":"2016-09-03T09:52:36","date_gmt":"2016-09-03T07:52:36","guid":{"rendered":"https:\/\/www.forum-soegel.de\/information\/?p=19761"},"modified":"2016-09-03T09:52:36","modified_gmt":"2016-09-03T07:52:36","slug":"spd","status":"publish","type":"post","link":"https:\/\/www.forum-soegel.de\/information\/2016\/09\/spd\/","title":{"rendered":"SPD"},"content":{"rendered":"<p style=\"text-align: left;\" align=\"center\"><strong><em>Gut ger\u00fcstet f\u00fcr die Samtgemeinde S\u00f6gel<\/em><\/strong><\/p>\n<p>S\u00f6gel &#8211; Am 11. September werden die Kommunalparlamente neu gew\u00e4hlt. \u201eWir sehen uns f\u00fcr die Wahl des Samtgemeinderates sehr gut ger\u00fcstet\u201c, zeigt sich Anno Immenga, Vorsitzender des SPD-Samtgemeindeverbandes S\u00f6gel, zuversichtlich hinsichtlich der Kommunalwahl. Mit 18 Kandidatinnen und Kandidaten geht die SPD auf Samtgemeindeebene ins Rennen. Nach Aussagen Immengas konnte die Anzahl der Kandidatinnen und Kandidaten, die dieses Ehrenamt bekleiden m\u00f6chten, fast verdoppelt werden. Somit haben die W\u00e4hlerinnen und W\u00e4hler die M\u00f6glichkeit die aktuellen politischen Mehrheiten zuk\u00fcnftig zu ver\u00e4ndern. \u201eDie Mannschaft steht f\u00fcr eine ausgewogene und faire Politik in allen acht Mitgliedsgemeinden\u201c, so Immenga weiter.<\/p>\n<p>Neben den vielen politisch erfahrenen Kandidaten kann der SPD Samtgemeindeverband auch auf neue und junge Gesichter auf der Liste zur\u00fcckgreifen. Dies ist nach Auffassung von Johannes M\u00fcller, der Fraktionsvorsitzende der SPD-Gr\u00fcnen-Gruppe im Samtgemeinderat, eine gro\u00dfe Chance die Politik in unserer Samtgemeinde auch nachhaltig zu ver\u00e4ndern.<\/p>\n<p>Folgende Bewerber stellen sich, in Reihenfolge auf dem Wahlvorschlag, zur Wahl: Johannes M\u00fcller (B\u00f6rger), Angelo Wiemken (S\u00f6gel), Lars Bollmann (Werpeloh), J\u00fcrgen Ermes , (B\u00f6rger) Claas Peters (S\u00f6gel), Peter Luckau (Werpeloh), Hans- Hermann Rolfes (B\u00f6rger), Florian Haasler (S\u00f6gel), Klaus Terhalle (B\u00f6rger), Jochen Heeren (S\u00f6gel), Klaus Fleer (B\u00f6rger), Emilie Benkemper, Ronald Br\u00e4utigam, Helene Kurka, Frank Kla\u00df, Ralf Schr\u00f6der, Anno Immenga, Georg Jansen (alle S\u00f6gel).<\/p>\n<p>F\u00fcr den Kreistag hat der Samtgemeindeverband S\u00f6gel mit Anno Immenga, Klaus Fleer und Lars Bollmann drei sehr aussichtsreiche und erfahrene Kandidaten aus S\u00f6gel, B\u00f6rger und Werpeloh aufstellen k\u00f6nnen. Nach Meinung von Johannes M\u00fcller ist damit die Samtgemeinde S\u00f6gel, nicht nur auf Gemeindeebene, sondern auch f\u00fcr den Samtgemeinderat und den Kreistag hervorragend aufgestellt.<\/p>\n<p>Text\/Foto: SPD S\u00f6gel<\/p>\n<div id=\"attachment_19762\" style=\"width: 310px\" class=\"wp-caption alignnone\"><a href=\"https:\/\/www.forum-soegel.de\/information\/wp-content\/uploads\/2016\/09\/Politik-Gut-ger\u00fcstet-f\u00fcr-die-Samtgemeinde-S\u00f6gel.jpg\"><img loading=\"lazy\" decoding=\"async\" aria-describedby=\"caption-attachment-19762\" class=\"size-medium wp-image-19762\" title=\"Politik!!! Gut ger\u00fcstet f\u00fcr die Samtgemeinde S\u00f6gel\" src=\"https:\/\/www.forum-soegel.de\/information\/wp-content\/uploads\/2016\/09\/Politik-Gut-ger\u00fcstet-f\u00fcr-die-Samtgemeinde-S\u00f6gel-300x197.jpg\" alt=\"\" width=\"300\" height=\"197\" srcset=\"https:\/\/www.forum-soegel.de\/information\/wp-content\/uploads\/2016\/09\/Politik-Gut-ger\u00fcstet-f\u00fcr-die-Samtgemeinde-S\u00f6gel-300x197.jpg 300w, https:\/\/www.forum-soegel.de\/information\/wp-content\/uploads\/2016\/09\/Politik-Gut-ger\u00fcstet-f\u00fcr-die-Samtgemeinde-S\u00f6gel.jpg 1024w\" sizes=\"auto, (max-width: 300px) 100vw, 300px\" \/><\/a><p id=\"caption-attachment-19762\" class=\"wp-caption-text\">Gute Stimmung herrscht bei den SPD-Kandidaten f\u00fcr den Samtgemeinderat (es fehlt Emilie Benkemper)<\/p><\/div>\n","protected":false},"excerpt":{"rendered":"Gut ger\u00fcstet f\u00fcr die Samtgemeinde S\u00f6gel S\u00f6gel &#8211; Am 11. September werden die Kommunalparlamente neu gew\u00e4hlt. \u201eWir sehen uns f\u00fcr die Wahl des Samtgemeinderates sehr gut ger\u00fcstet\u201c, zeigt sich Anno Immenga, Vorsitzender des SPD-Samtgemeindeverbandes S\u00f6gel, zuversichtlich hinsichtlich der Kommunalwahl. Mit 18 Kandidatinnen und Kandidaten geht die SPD auf Samtgemeindeebene ins Rennen. Nach Aussagen Immengas konnte [&hellip;]\n","protected":false},"author":2,"featured_media":0,"comment_status":"closed","ping_status":"closed","sticky":false,"template":"","format":"standard","meta":{"ngg_post_thumbnail":0,"footnotes":""},"categories":[3],"tags":[],"class_list":["post-19761","post","type-post","status-publish","format-standard","hentry","category-aktuelles-aus-der-region"],"_links":{"self":[{"href":"https:\/\/www.forum-soegel.de\/information\/wp-json\/wp\/v2\/posts\/19761","targetHints":{"allow":["GET"]}}],"collection":[{"href":"https:\/\/www.forum-soegel.de\/information\/wp-json\/wp\/v2\/posts"}],"about":[{"href":"https:\/\/www.forum-soegel.de\/information\/wp-json\/wp\/v2\/types\/post"}],"author":[{"embeddable":true,"href":"https:\/\/www.forum-soegel.de\/information\/wp-json\/wp\/v2\/users\/2"}],"replies":[{"embeddable":true,"href":"https:\/\/www.forum-soegel.de\/information\/wp-json\/wp\/v2\/comments?post=19761"}],"version-history":[{"count":1,"href":"https:\/\/www.forum-soegel.de\/information\/wp-json\/wp\/v2\/posts\/19761\/revisions"}],"predecessor-version":[{"id":19763,"href":"https:\/\/www.forum-soegel.de\/information\/wp-json\/wp\/v2\/posts\/19761\/revisions\/19763"}],"wp:attachment":[{"href":"https:\/\/www.forum-soegel.de\/information\/wp-json\/wp\/v2\/media?parent=19761"}],"wp:term":[{"taxonomy":"category","embeddable":true,"href":"https:\/\/www.forum-soegel.de\/information\/wp-json\/wp\/v2\/categories?post=19761"},{"taxonomy":"post_tag","embeddable":true,"href":"https:\/\/www.forum-soegel.de\/information\/wp-json\/wp\/v2\/tags?post=19761"}],"curies":[{"name":"wp","href":"https:\/\/api.w.org\/{rel}","templated":true}]}}