{"id":19754,"date":"2016-09-03T09:49:18","date_gmt":"2016-09-03T07:49:18","guid":{"rendered":"https:\/\/www.forum-soegel.de\/information\/?p=19754"},"modified":"2016-09-03T09:49:18","modified_gmt":"2016-09-03T07:49:18","slug":"oberschule-sogel-verabschiedet-134-schulerinnen-und-schuler","status":"publish","type":"post","link":"https:\/\/www.forum-soegel.de\/information\/2016\/09\/oberschule-sogel-verabschiedet-134-schulerinnen-und-schuler\/","title":{"rendered":"Oberschule S\u00f6gel verabschiedet 134 Sch\u00fclerinnen und Sch\u00fcler"},"content":{"rendered":"<p align=\"left\">S\u00f6gel: Unter dem Motto \u201eSei wie du bist\u201c stand die feierliche Schulentlassung an der Oberschule S\u00f6gel \u2013 Schule am Schloss, die mit einem \u00f6kumenischen Gottesdienst in der St. Jakobus-Kirche begann. Bei der anschlie\u00dfenden feierlichen Zeugnis\u00fcbergabe in der Mensa gratulierte Schulleiterin Maria Lau den insgesamt 134 Sch\u00fclerinnen zum Schulerfolg und w\u00fcnschte ihnen alles Gute. Bei den Ehrungen gab es Gratulationen f\u00fcr die Jahrgangsbesten aus der jeweiligen Schulform. Matthias Hunfeld war Jahrgangsbester \u00a0in der Hauptschule mit einem Schnitt von 1,9. In der Realschule gab es zwei Jahrgangsbeste mit einem Schnitt von 2,0:\u00a0 Jasmin Leis und Dana Fehrung. F\u00fcr ein <strong>sehr gut<\/strong> in einem Hauptfach gab es zudem eine Ehrung f\u00fcr folgende Sch\u00fcler: Im Fach Englisch f\u00fcr Daniel Wagner und Tim Schulmann und in Mathematik f\u00fcr Anna-Lena Weichert und Maximilian Jackst\u00e4dt. Abschlie\u00dfend gab es von der Schulleiterin noch Dankesworte f\u00fcr Monika Lake, \u201edie 6 Jahre im Elternrat, 3 Jahre davon im Schulvorstand und 2 Jahre stellvertretende Elternratsvorsitzende gewesen ist und weiterhin aktives Vorstandsmitglied im F\u00f6rderverein der Schule am Schloss ist\u201c. \u00a0Samtgemeindeb\u00fcrgermeister G\u00fcnter Wigbers kam mit einer Rettungsweste, auch im Hinblick auf die aktuelle Fl\u00fcchtlingssituation, und erkl\u00e4rte den Absolventen, sie w\u00fcrden sich nun so langsam \u00a0losschwimmen m\u00fcssen, um irgendwann auf eigene F\u00fc\u00dfe stehen zu k\u00f6nnen. \u00a0Er w\u00fcnschte ihnen viel Erfolg dabei. Gratulationen gab es auch von der Schulelternratsvorsitzenden\u00a0 Nicole Wilde. \u00a0\u00a0Die Schulband unter der Leitung von J\u00fcrgen Jansen und Michael Peters umrahmte mit ihren flotten Beitr\u00e4gen das Programm. Ebenfalls war die Tanzgruppe der Tanz-AG unter der Leitung von Anke Fleer ein Hingucker und zeugte von einer aktiven Schulgemeinschaft. Den kr\u00f6nenden Abschluss des Schulentlassungsfestes bildete ein Tanzabend im Clemenswerther Hof.<\/p>\n<p align=\"left\">Text: Gisela Arling Foto: Irmgard Schlangen-Otten<\/p>\n<p align=\"left\"><a href=\"https:\/\/www.forum-soegel.de\/information\/wp-content\/uploads\/2016\/09\/NUR-INTERNET-Oberschule-S\u00f6gel-verabschiedet-134-Sch\u00fclerinnen-und-Sch\u00fcler.jpg\"><img loading=\"lazy\" decoding=\"async\" class=\"alignnone size-medium wp-image-19755\" title=\"NUR INTERNET!!! Oberschule S\u00f6gel verabschiedet 134 Sch\u00fclerinnen und Sch\u00fcler\" src=\"https:\/\/www.forum-soegel.de\/information\/wp-content\/uploads\/2016\/09\/NUR-INTERNET-Oberschule-S\u00f6gel-verabschiedet-134-Sch\u00fclerinnen-und-Sch\u00fcler-300x140.jpg\" alt=\"\" width=\"300\" height=\"140\" srcset=\"https:\/\/www.forum-soegel.de\/information\/wp-content\/uploads\/2016\/09\/NUR-INTERNET-Oberschule-S\u00f6gel-verabschiedet-134-Sch\u00fclerinnen-und-Sch\u00fcler-300x140.jpg 300w, https:\/\/www.forum-soegel.de\/information\/wp-content\/uploads\/2016\/09\/NUR-INTERNET-Oberschule-S\u00f6gel-verabschiedet-134-Sch\u00fclerinnen-und-Sch\u00fcler.jpg 1024w\" sizes=\"auto, (max-width: 300px) 100vw, 300px\" \/><\/a><\/p>\n","protected":false},"excerpt":{"rendered":"S\u00f6gel: Unter dem Motto \u201eSei wie du bist\u201c stand die feierliche Schulentlassung an der Oberschule S\u00f6gel \u2013 Schule am Schloss, die mit einem \u00f6kumenischen Gottesdienst in der St. Jakobus-Kirche begann. Bei der anschlie\u00dfenden feierlichen Zeugnis\u00fcbergabe in der Mensa gratulierte Schulleiterin Maria Lau den insgesamt 134 Sch\u00fclerinnen zum Schulerfolg und w\u00fcnschte ihnen alles Gute. Bei den [&hellip;]\n","protected":false},"author":2,"featured_media":0,"comment_status":"closed","ping_status":"closed","sticky":false,"template":"","format":"standard","meta":{"ngg_post_thumbnail":0,"footnotes":""},"categories":[6],"tags":[],"class_list":["post-19754","post","type-post","status-publish","format-standard","hentry","category-aus-der-schule-geplaudert"],"_links":{"self":[{"href":"https:\/\/www.forum-soegel.de\/information\/wp-json\/wp\/v2\/posts\/19754","targetHints":{"allow":["GET"]}}],"collection":[{"href":"https:\/\/www.forum-soegel.de\/information\/wp-json\/wp\/v2\/posts"}],"about":[{"href":"https:\/\/www.forum-soegel.de\/information\/wp-json\/wp\/v2\/types\/post"}],"author":[{"embeddable":true,"href":"https:\/\/www.forum-soegel.de\/information\/wp-json\/wp\/v2\/users\/2"}],"replies":[{"embeddable":true,"href":"https:\/\/www.forum-soegel.de\/information\/wp-json\/wp\/v2\/comments?post=19754"}],"version-history":[{"count":1,"href":"https:\/\/www.forum-soegel.de\/information\/wp-json\/wp\/v2\/posts\/19754\/revisions"}],"predecessor-version":[{"id":19756,"href":"https:\/\/www.forum-soegel.de\/information\/wp-json\/wp\/v2\/posts\/19754\/revisions\/19756"}],"wp:attachment":[{"href":"https:\/\/www.forum-soegel.de\/information\/wp-json\/wp\/v2\/media?parent=19754"}],"wp:term":[{"taxonomy":"category","embeddable":true,"href":"https:\/\/www.forum-soegel.de\/information\/wp-json\/wp\/v2\/categories?post=19754"},{"taxonomy":"post_tag","embeddable":true,"href":"https:\/\/www.forum-soegel.de\/information\/wp-json\/wp\/v2\/tags?post=19754"}],"curies":[{"name":"wp","href":"https:\/\/api.w.org\/{rel}","templated":true}]}}