{"id":19752,"date":"2016-09-03T09:47:05","date_gmt":"2016-09-03T07:47:05","guid":{"rendered":"https:\/\/www.forum-soegel.de\/information\/?p=19752"},"modified":"2016-09-03T09:50:19","modified_gmt":"2016-09-03T07:50:19","slug":"mit-herzklopfen-am-ersten-tag","status":"publish","type":"post","link":"https:\/\/www.forum-soegel.de\/information\/2016\/09\/mit-herzklopfen-am-ersten-tag\/","title":{"rendered":"Mit Herzklopfen am ersten Tag"},"content":{"rendered":"<p><strong>F\u00fcr 13 Auszubildende der Raiffeisenbank Emsland-Mitte eG und dem dazugeh\u00f6rigen <\/strong><strong>Warengesch\u00e4ft Raiffeisen Ems-Vechte begann vor kurzem der Ernst des Lebens.<\/strong><\/p>\n<p>Um den jungen Berufsstartern den Einstieg in den Betrieb mit ca. 450 Besch\u00e4ftigten zu\u00a0erleichtern, wurden sie am 01.08.2016 von der Gesch\u00e4ftsleitung, freundlich empfangen.\u00a0Nachdem die Leiterin der Personalabteilung, Frau Martina Schonebeck, ihre\u00a0Begr\u00fc\u00dfungsworte an die 13 Auszubildende gerichtet hatte, plauderten die Vorst\u00e4nde Dieter\u00a0Wessels, Hans Wolken und Helmut Kr\u00fc\u00dfel aus dem N\u00e4hk\u00e4stchen. Man habe sich damals vor\u00a0\u00fcber 40 Jahren am ersten Ausbildungstag schon mit \u201eklopfendem Herzen\u201c auf den Weg\u00a0gemacht. Die Gesch\u00e4ftsf\u00fchrer Albert Weersmann und Wilhelm Funke gaben die Empfehlung,\u00a0von Beginn an aufmerksam zu sein und die T\u00e4tigkeiten am Ausbildungsplatz zu hinterfragen.<br \/>\nIm Anschluss zur Begr\u00fc\u00dfung stellte Dieter Wessels das Unternehmen mit den einzelnen\u00a0Gesch\u00e4ftsgebieten und Standorten gespickt mit Zahlen und Anekdoten vor.\u00a0Um es jedoch nicht bei der Theorie zu belassen, ging es f\u00fcr die Neuen danach auf\u00a0Erkundungstour. Zun\u00e4chst wurde der Standort Klein Ber\u00dfen mit dem Bankbetrieb, dem\u00a0Agrargesch\u00e4ft in den Warengeb\u00e4uden und der Produktion im Kraftfutterwerk besichtigt.<br \/>\nZum Mittag trafen auch die \u201eAlt-Azubis\u201c ein, um dann gemeinsam mit dem Bus das\u00a0Gesch\u00e4ftsgebiet der Grafschaft zu bereisen. Hier wurde zuerst die Naturm\u00fchle Vechteland in\u00a0Hoogstede angefahren, die seit Anfang 2015 Biofutter f\u00fcr Rinder und Legehennen herstellt.\u00a0Alle waren schwindelfrei und konnten den 32 Meter hohen Verladeturm besteigen. Von dort\u00a0oben hatte man eine gute Sicht \u00fcber die Grafschaft bis nach Lingen und Meppen.<br \/>\nDanach ging es weiter nach Uelsen zum Grenzland Markt. Ein Markt, der 2015 komplett neu\u00a0errichtet wurde und mit einer Verkaufsfl\u00e4che von 3.500 qm ein breites ansprechendes\u00a0Spektrum an Haus- und Gartenmarktartikeln anbietet. W\u00e4hrend der Besichtigung wurden\u00a0dann auch die ein oder anderen Eink\u00e4ufe get\u00e4tigt.<br \/>\nZum Abschluss der Erkundungstour steuerte der Bus den Grenzland Markt in Wilsum an.\u00a0Dort hatten die \u201eAlt-Azubis\u201c einen Grillabend organisiert, um diesen ersten Tag in\u00a0gem\u00fctlicher Runde ausklingen zu lassen. Zudem hatten die jungen Berufsstarter die Chance,\u00a0sich mit den erfahrenen Auszubildenden \u00fcber deren bisherige Erfahrungen auszutauschen. F\u00fcr\u00a0die Neuen sind dies wertvolle Informationen, die sie in ihrem nun beginnenden, t\u00e4glichen\u00a0Arbeitsleben f\u00fcr sich nutzen k\u00f6nnen. \u00dcberrascht waren viele, dass das Unternehmen sehr\u00a0vielf\u00e4ltig aufgestellt ist. Kein Wunder daher, dass das Unternehmen f\u00fcr sechs Berufsbilder\u00a0Ausbildungspl\u00e4tze anbietet. Wer mehr \u00fcber die Karrierem\u00f6glichkeiten und \u00fcber das\u00a0Unternehmen Raiffeisenbank Emsland-Mitte eG erfahren m\u00f6chte, kann sich unter\u00a0www.emsland-mitte.de erkundigen.<\/p>\n<p><a href=\"https:\/\/www.forum-soegel.de\/information\/wp-content\/uploads\/2016\/09\/NUR-INTERNET-Mit-Herzklopfen-am-ersten-Tag1.jpg\"><img loading=\"lazy\" decoding=\"async\" class=\"alignnone size-thumbnail wp-image-19757\" title=\"NUR INTERNET!!! Mit Herzklopfen am ersten Tag1\" src=\"https:\/\/www.forum-soegel.de\/information\/wp-content\/uploads\/2016\/09\/NUR-INTERNET-Mit-Herzklopfen-am-ersten-Tag1-150x150.jpg\" alt=\"\" width=\"150\" height=\"150\" \/><\/a>\u00a0\u00a0<a href=\"https:\/\/www.forum-soegel.de\/information\/wp-content\/uploads\/2016\/09\/NUR-INTERNET-Mit-Herzklopfen-am-ersten-Tag2.jpg\"><img loading=\"lazy\" decoding=\"async\" class=\"alignnone size-thumbnail wp-image-19758\" title=\"NUR INTERNET!!! Mit Herzklopfen am ersten Tag2\" src=\"https:\/\/www.forum-soegel.de\/information\/wp-content\/uploads\/2016\/09\/NUR-INTERNET-Mit-Herzklopfen-am-ersten-Tag2-150x150.jpg\" alt=\"\" width=\"150\" height=\"150\" \/><\/a>\u00a0\u00a0<a href=\"https:\/\/www.forum-soegel.de\/information\/wp-content\/uploads\/2016\/09\/NUR-INTERNET-Mit-Herzklopfen-am-ersten-Tag3.jpg\"><img loading=\"lazy\" decoding=\"async\" class=\"alignnone size-thumbnail wp-image-19759\" title=\"NUR INTERNET!!! Mit Herzklopfen am ersten Tag3\" src=\"https:\/\/www.forum-soegel.de\/information\/wp-content\/uploads\/2016\/09\/NUR-INTERNET-Mit-Herzklopfen-am-ersten-Tag3-150x150.jpg\" alt=\"\" width=\"150\" height=\"150\" \/><\/a><\/p>\n","protected":false},"excerpt":{"rendered":"F\u00fcr 13 Auszubildende der Raiffeisenbank Emsland-Mitte eG und dem dazugeh\u00f6rigen Warengesch\u00e4ft Raiffeisen Ems-Vechte begann vor kurzem der Ernst des Lebens. Um den jungen Berufsstartern den Einstieg in den Betrieb mit ca. 450 Besch\u00e4ftigten zu\u00a0erleichtern, wurden sie am 01.08.2016 von der Gesch\u00e4ftsleitung, freundlich empfangen.\u00a0Nachdem die Leiterin der Personalabteilung, Frau Martina Schonebeck, ihre\u00a0Begr\u00fc\u00dfungsworte an die 13 Auszubildende [&hellip;]\n","protected":false},"author":2,"featured_media":0,"comment_status":"closed","ping_status":"closed","sticky":false,"template":"","format":"standard","meta":{"ngg_post_thumbnail":0,"footnotes":""},"categories":[4],"tags":[],"class_list":["post-19752","post","type-post","status-publish","format-standard","hentry","category-aus-der-geschaftswelt"],"_links":{"self":[{"href":"https:\/\/www.forum-soegel.de\/information\/wp-json\/wp\/v2\/posts\/19752","targetHints":{"allow":["GET"]}}],"collection":[{"href":"https:\/\/www.forum-soegel.de\/information\/wp-json\/wp\/v2\/posts"}],"about":[{"href":"https:\/\/www.forum-soegel.de\/information\/wp-json\/wp\/v2\/types\/post"}],"author":[{"embeddable":true,"href":"https:\/\/www.forum-soegel.de\/information\/wp-json\/wp\/v2\/users\/2"}],"replies":[{"embeddable":true,"href":"https:\/\/www.forum-soegel.de\/information\/wp-json\/wp\/v2\/comments?post=19752"}],"version-history":[{"count":2,"href":"https:\/\/www.forum-soegel.de\/information\/wp-json\/wp\/v2\/posts\/19752\/revisions"}],"predecessor-version":[{"id":19760,"href":"https:\/\/www.forum-soegel.de\/information\/wp-json\/wp\/v2\/posts\/19752\/revisions\/19760"}],"wp:attachment":[{"href":"https:\/\/www.forum-soegel.de\/information\/wp-json\/wp\/v2\/media?parent=19752"}],"wp:term":[{"taxonomy":"category","embeddable":true,"href":"https:\/\/www.forum-soegel.de\/information\/wp-json\/wp\/v2\/categories?post=19752"},{"taxonomy":"post_tag","embeddable":true,"href":"https:\/\/www.forum-soegel.de\/information\/wp-json\/wp\/v2\/tags?post=19752"}],"curies":[{"name":"wp","href":"https:\/\/api.w.org\/{rel}","templated":true}]}}