{"id":19726,"date":"2016-09-03T09:31:29","date_gmt":"2016-09-03T07:31:29","guid":{"rendered":"https:\/\/www.forum-soegel.de\/information\/?p=19726"},"modified":"2016-09-03T09:31:29","modified_gmt":"2016-09-03T07:31:29","slug":"sport-und-spieletag-an-der-schule-am-schloss","status":"publish","type":"post","link":"https:\/\/www.forum-soegel.de\/information\/2016\/09\/sport-und-spieletag-an-der-schule-am-schloss\/","title":{"rendered":"Sport und Spieletag an der Schule am Schloss"},"content":{"rendered":"<p>S\u00f6gel &#8211; F\u00fcr die neuen Klassen F\u00fcnf der Oberschule S\u00f6gel hatten Sebastian Straeck-B\u00fchler und Franka Reuter von der Schulsozialarbeit sowie Anja Schlobinski und Judith Robbers (FSJ) einen tollen Sport und Spiele-Nachmittag organisiert. Das Angebot bestand aus f\u00fcnf pfiffigen und lustigen Aufgaben, die je von der ganzen Klasse als Mannschaft erledigt werden mussten. Bei den Wettbewerben \u201eDer un\u00fcberwindbare Berg\u201c, \u201eTauziehen\u201c, \u201eReifentanz\u201c, \u201eSitzfu\u00dfball\u201c und \u201eIndien Dutch\u201c wich die anf\u00e4ngliche Hemmschwelle zu den bisher noch \u201efremden\u201c Mitsch\u00fclern aus den anderen Klassen durch lautstarkes Anfeuern aller Spieler und ihren Klassenlehrerinnen Frau Ahlers, Frau B\u00fcter, Frau Heffner und Frau Wichmann. Gewonnen hat schlie\u00dflich die Klasse 5a von Klassenlehrerin Birgit B\u00fcter, die stolz den Pokal entgegennahm. Beim Sport und Spiele-Nachmittag hatten die Neuank\u00f6mmlinge beim Kampf um eine gute Platzierung nicht nur sehr viel Spa\u00df miteinander, sondern lernten sich auch etwas n\u00e4her kennen.<\/p>\n<p>Text: Gisela Arling \/ Foto: Franka Reuter<\/p>\n<p><a href=\"https:\/\/www.forum-soegel.de\/information\/wp-content\/uploads\/2016\/09\/Sport-und-Spieletag-an-der-Schule-am-Schloss.jpg\"><img loading=\"lazy\" decoding=\"async\" class=\"alignnone size-medium wp-image-19727\" title=\"Sport und Spieletag an der Schule am Schloss\" src=\"https:\/\/www.forum-soegel.de\/information\/wp-content\/uploads\/2016\/09\/Sport-und-Spieletag-an-der-Schule-am-Schloss-300x199.jpg\" alt=\"\" width=\"300\" height=\"199\" srcset=\"https:\/\/www.forum-soegel.de\/information\/wp-content\/uploads\/2016\/09\/Sport-und-Spieletag-an-der-Schule-am-Schloss-300x199.jpg 300w, https:\/\/www.forum-soegel.de\/information\/wp-content\/uploads\/2016\/09\/Sport-und-Spieletag-an-der-Schule-am-Schloss.jpg 1024w\" sizes=\"auto, (max-width: 300px) 100vw, 300px\" \/><\/a><\/p>\n<p>&nbsp;<\/p>\n","protected":false},"excerpt":{"rendered":"S\u00f6gel &#8211; F\u00fcr die neuen Klassen F\u00fcnf der Oberschule S\u00f6gel hatten Sebastian Straeck-B\u00fchler und Franka Reuter von der Schulsozialarbeit sowie Anja Schlobinski und Judith Robbers (FSJ) einen tollen Sport und Spiele-Nachmittag organisiert. Das Angebot bestand aus f\u00fcnf pfiffigen und lustigen Aufgaben, die je von der ganzen Klasse als Mannschaft erledigt werden mussten. Bei den Wettbewerben [&hellip;]\n","protected":false},"author":2,"featured_media":0,"comment_status":"closed","ping_status":"closed","sticky":false,"template":"","format":"standard","meta":{"ngg_post_thumbnail":0,"footnotes":""},"categories":[6],"tags":[],"class_list":["post-19726","post","type-post","status-publish","format-standard","hentry","category-aus-der-schule-geplaudert"],"_links":{"self":[{"href":"https:\/\/www.forum-soegel.de\/information\/wp-json\/wp\/v2\/posts\/19726","targetHints":{"allow":["GET"]}}],"collection":[{"href":"https:\/\/www.forum-soegel.de\/information\/wp-json\/wp\/v2\/posts"}],"about":[{"href":"https:\/\/www.forum-soegel.de\/information\/wp-json\/wp\/v2\/types\/post"}],"author":[{"embeddable":true,"href":"https:\/\/www.forum-soegel.de\/information\/wp-json\/wp\/v2\/users\/2"}],"replies":[{"embeddable":true,"href":"https:\/\/www.forum-soegel.de\/information\/wp-json\/wp\/v2\/comments?post=19726"}],"version-history":[{"count":1,"href":"https:\/\/www.forum-soegel.de\/information\/wp-json\/wp\/v2\/posts\/19726\/revisions"}],"predecessor-version":[{"id":19728,"href":"https:\/\/www.forum-soegel.de\/information\/wp-json\/wp\/v2\/posts\/19726\/revisions\/19728"}],"wp:attachment":[{"href":"https:\/\/www.forum-soegel.de\/information\/wp-json\/wp\/v2\/media?parent=19726"}],"wp:term":[{"taxonomy":"category","embeddable":true,"href":"https:\/\/www.forum-soegel.de\/information\/wp-json\/wp\/v2\/categories?post=19726"},{"taxonomy":"post_tag","embeddable":true,"href":"https:\/\/www.forum-soegel.de\/information\/wp-json\/wp\/v2\/tags?post=19726"}],"curies":[{"name":"wp","href":"https:\/\/api.w.org\/{rel}","templated":true}]}}