{"id":19698,"date":"2016-09-03T08:20:35","date_gmt":"2016-09-03T06:20:35","guid":{"rendered":"https:\/\/www.forum-soegel.de\/information\/?p=19698"},"modified":"2016-09-03T08:20:35","modified_gmt":"2016-09-03T06:20:35","slug":"tv-rot-gold-sogel-wird-landesstutzpunkt","status":"publish","type":"post","link":"https:\/\/www.forum-soegel.de\/information\/2016\/09\/tv-rot-gold-sogel-wird-landesstutzpunkt\/","title":{"rendered":"TV Rot-Gold-S\u00f6gel wird Landesst\u00fctzpunkt"},"content":{"rendered":"<p>S\u00f6gel &#8211; Am 6.August hatte der Tennisverein Rot-Gold seinen gro\u00dfen Tag: er feierte bei gutem Wetter und zahlreichen Besuchern sein 90j\u00e4hriges Vereinsjubil\u00e4um.<\/p>\n<p>Vorsitzender M.Kohnen begr\u00fc\u00dfte zahlreiche G\u00e4ste, darunter den Pr\u00e4sidenten des Nieders\u00e4chsischen Tennisverbandes, Herrn Gottfried Schumann, den Europaabgeordneten Jens Gieseke, die Vertreter der Gemeinde Irmgard Welling und G\u00fcnter Wigbers,\u00a0 den Kreistagsabgeordneten Karl Steinbild, den Vertreter der Tennisregion Ems-Vechte-Dollart, Robert Segna, sowie Vertreter einiger S\u00f6geler Vereine und der benachbarten Tennisvereine, die nach Gru\u00dfwort und Gl\u00fcckw\u00fcnschen dem Vorsitzenden ein \u201eGeburtstagsgeschenk\u201c \u00fcberreichten.<\/p>\n<p>Zu Beginn seiner Ausf\u00fchrungen gab Kohnen einen kurzen R\u00fcckblick auf die Vereinsgeschichte.<\/p>\n<p>Nach der Gr\u00fcndung 1926 durch den S\u00f6geler Arzt Dr. Lentze wurde zun\u00e4chst auf Tennispl\u00e4tzen an den Schlossteichen gespielt. Die Vereinsfarben \u201eRot\u201c und \u201eGold\u201c gehen auf Farben des Herzogs von Arenberg zur\u00fcck, der die Pl\u00e4tze kostenlos zur Verf\u00fcgung stellte. W\u00e4hrend der NS- und der Nachkriegszeit ruhte der Vereinsbetrieb und erst im Jahre 1968 unter Vorsitz von H. Beimesche begann man wieder, zun\u00e4chst in Werlte, mit dem Spielbetrieb, um dann ein Jahr sp\u00e4ter auf die eigene Anlage am Loruper Weg umzuziehen. Das eigene Clubhaus wurde schlie\u00dflich 1975 eingeweiht.<\/p>\n<p>Eine erfolgreiche Zeit begann 1985 mit den Vorsitzenden Franz Tieke und Bernd Knipper.<\/p>\n<p>Der \u201eBeckerboom\u201c sorgte f\u00fcr zahlreiche Neuzug\u00e4nge (bis zu 120 Kinder), sodass die Jugendbetreuer Helena Gehrs und Heri Tolkmitt sowie Trainer Dusko zahlreiche Talente hervorbringen konnten. Viele nahmen am Kreis-, Bezirks- und St\u00fctzpunkttraining teil, und es stellten sich auch bald Erfolge ein: mehrere Kreis-\u00a0 u. Bezirksmeister und sogar Landesmeister im Wettbewerb \u201eJugend trainiert f\u00fcr Olympia\u201c.<\/p>\n<p>1994 wurde S\u00f6gel zum Tennisbezirksst\u00fctzpunkt, d.h. viele Kinder kamen zum Training nach S\u00f6gel.<\/p>\n<p>Aufgrund der Partnerschaft mit der Gemeinde Norg entwickelte sich auch die lange Freundschaft zwischen den beiden Tennisclubs.<\/p>\n<p>Nach schwierigen Jahren versucht man heute durch Kooperation mit der Bernhardschule und dem Fachbereich Sport des Gymnasiums, wieder mehr\u00a0 Kinder und Jugendliche f\u00fcr den Tennissport zu begeistern.<\/p>\n<p>Seinen Dank sprach Kohnen zun\u00e4chst der Gemeinde f\u00fcr deren Unterst\u00fctzung aus, aber auch dem Platzwart Alfred Willen, der die Anlage seit vielen Jahren hegt und pflegt.<\/p>\n<p>Abschlie\u00dfend verwies Kohnen auf das gute Team im Vorstand, ohne das eine erfolgreiche Vereinsarbeit nicht m\u00f6glich ist. Er bedankte sich bei Anne Telkmann, Lisa Jellinghaus, Julia Beimesche, Claudia Unglert, Martin Knipper, David Hevicke, Timo Osterloh, Eberhard Gehrs, Maria Scheper, Alexander Laumann und nat\u00fcrlich dem Trainer Arne Kulkmann f\u00fcr deren unerm\u00fcdlichen Einsatz sowie dem Organisationsteam mit Lars-Oliver Tolkmitt, Stefan Knipper, Julia Beimesche, Lisa Jellinghaus, Claudia Unglert und Anke V\u00f6lker\u00a0 f\u00fcr die Vorbereitung und Durchf\u00fchrung des Jubil\u00e4ums.<\/p>\n<p>Auch die Kinder gratuliertem dem Verein mit einer kleinen Vorf\u00fchrung und lie\u00dfen am Schluss Luftballons in den\u00a0 Himmel steigen.<\/p>\n<p>Neben dem traditionellen Schleifchenturnier, hier spielen jeweils ein A- und B- Spieler in einem Team, fand auch ein Jubil\u00e4umscup mit den umliegenden Vereinen statt. Die Kinder konnten die H\u00fcpfburg, den Soccer Court und die zahlreichen Spielangebote nutzen. Und wer Lust hatte, zeigte sein K\u00f6nnen auf der vereinseigenen Boule-Bahn.<\/p>\n<p>Ein besonderer Moment f\u00fcr den Tennisverein Rot-Gold war die Mitteilung des<\/p>\n<p>Pr\u00e4sidenten des Nds.Tennisverbandes, dass S\u00f6gel einer von sieben Landesst\u00fctzpunkten wird. Tennistalente\u00a0 aus dem westlichen Niedersachsen kommen dann zu Lehrg\u00e4ngen und Trainingswochenenden zusammen, um hier weiter gef\u00f6rdert zu werden. \u2013 Das ist nicht nur ein Erfolg f\u00fcr die gute Arbeit im Verein. Auch die vorhandene Anlage mit ihren\u00a0 hervorragenden Trainings-m\u00f6glichkeiten hat den Verantwortlichen die Entscheidung f\u00fcr S\u00f6gel leicht gemacht.<\/p>\n<p>Am Abend ging man dann zum gem\u00fctlichen Teil des Jubil\u00e4ums \u00fcber:<\/p>\n<p>Grillbuffet mit leckeren hausgemachten Salaten und einer Riesen-Paella sowie Live-Musik mit \u201ePlug and Play\u201c sorgten f\u00fcr gute Stimmung bis sp\u00e4t in die Nacht.<\/p>\n<p>Der Sonntag stand ganz im Zeichen des Schleifchenturniers. 22 Doppel (Rekordbeteiligung) traten zum Wettbewerb an und nach mehreren Stunden mit spannenden Spielen\u00a0 und z.T. \u00fcberraschenden Ergebnissen waren die Sieger ermittelt.<\/p>\n<p>Text\/Foto: K.Kulkmann<\/p>\n<div id=\"attachment_19699\" style=\"width: 310px\" class=\"wp-caption alignnone\"><a href=\"https:\/\/www.forum-soegel.de\/information\/wp-content\/uploads\/2016\/09\/TV-Rot-Gold-S\u00f6gel-wird-Landesst\u00fctzpunkt1-Sieger-Schleifchenturnier.jpg\"><img loading=\"lazy\" decoding=\"async\" aria-describedby=\"caption-attachment-19699\" class=\"size-medium wp-image-19699\" title=\"TV Rot-Gold-S\u00f6gel wird Landesst\u00fctzpunkt1 - Sieger Schleifchenturnier\" src=\"https:\/\/www.forum-soegel.de\/information\/wp-content\/uploads\/2016\/09\/TV-Rot-Gold-S\u00f6gel-wird-Landesst\u00fctzpunkt1-Sieger-Schleifchenturnier-300x225.jpg\" alt=\"\" width=\"300\" height=\"225\" srcset=\"https:\/\/www.forum-soegel.de\/information\/wp-content\/uploads\/2016\/09\/TV-Rot-Gold-S\u00f6gel-wird-Landesst\u00fctzpunkt1-Sieger-Schleifchenturnier-300x225.jpg 300w, https:\/\/www.forum-soegel.de\/information\/wp-content\/uploads\/2016\/09\/TV-Rot-Gold-S\u00f6gel-wird-Landesst\u00fctzpunkt1-Sieger-Schleifchenturnier.jpg 1024w\" sizes=\"auto, (max-width: 300px) 100vw, 300px\" \/><\/a><p id=\"caption-attachment-19699\" class=\"wp-caption-text\">Die Sieger des Schleifchenturniers: v.l.n.r.: R.Blank\/C.Benten (3.Platz), A.Laumann\/N.Schr\u00f6der (1.Platz), A.Kulkmann\/H.Zwake (2.Platz).<\/p><\/div>\n<p><a href=\"https:\/\/www.forum-soegel.de\/information\/wp-content\/uploads\/2016\/09\/TV-Rot-Gold-S\u00f6gel-wird-Landesst\u00fctzpunkt4.jpg\"><img loading=\"lazy\" decoding=\"async\" class=\"alignnone size-thumbnail wp-image-19702\" title=\"TV Rot-Gold-S\u00f6gel wird Landesst\u00fctzpunkt4\" src=\"https:\/\/www.forum-soegel.de\/information\/wp-content\/uploads\/2016\/09\/TV-Rot-Gold-S\u00f6gel-wird-Landesst\u00fctzpunkt4-150x150.jpg\" alt=\"\" width=\"150\" height=\"150\" \/><\/a>\u00a0\u00a0<a href=\"https:\/\/www.forum-soegel.de\/information\/wp-content\/uploads\/2016\/09\/TV-Rot-Gold-S\u00f6gel-wird-Landesst\u00fctzpunkt5.jpg\"><img loading=\"lazy\" decoding=\"async\" class=\"alignnone size-thumbnail wp-image-19703\" title=\"TV Rot-Gold-S\u00f6gel wird Landesst\u00fctzpunkt5\" src=\"https:\/\/www.forum-soegel.de\/information\/wp-content\/uploads\/2016\/09\/TV-Rot-Gold-S\u00f6gel-wird-Landesst\u00fctzpunkt5-150x150.jpg\" alt=\"\" width=\"150\" height=\"150\" \/><\/a>\u00a0\u00a0<a href=\"https:\/\/www.forum-soegel.de\/information\/wp-content\/uploads\/2016\/09\/TV-Rot-Gold-S\u00f6gel-wird-Landesst\u00fctzpunkt6.jpg\"><img loading=\"lazy\" decoding=\"async\" class=\"alignnone size-thumbnail wp-image-19704\" title=\"TV Rot-Gold-S\u00f6gel wird Landesst\u00fctzpunkt6\" src=\"https:\/\/www.forum-soegel.de\/information\/wp-content\/uploads\/2016\/09\/TV-Rot-Gold-S\u00f6gel-wird-Landesst\u00fctzpunkt6-150x150.jpg\" alt=\"\" width=\"150\" height=\"150\" \/><\/a><\/p>\n<p><a href=\"https:\/\/www.forum-soegel.de\/information\/wp-content\/uploads\/2016\/09\/TV-Rot-Gold-S\u00f6gel-wird-Landesst\u00fctzpunkt7.jpg\"><img loading=\"lazy\" decoding=\"async\" class=\"alignnone size-thumbnail wp-image-19705\" title=\"TV Rot-Gold-S\u00f6gel wird Landesst\u00fctzpunkt7\" src=\"https:\/\/www.forum-soegel.de\/information\/wp-content\/uploads\/2016\/09\/TV-Rot-Gold-S\u00f6gel-wird-Landesst\u00fctzpunkt7-150x150.jpg\" alt=\"\" width=\"150\" height=\"150\" \/><\/a>\u00a0\u00a0<a href=\"https:\/\/www.forum-soegel.de\/information\/wp-content\/uploads\/2016\/09\/TV-Rot-Gold-S\u00f6gel-wird-Landesst\u00fctzpunkt8.jpg\"><img loading=\"lazy\" decoding=\"async\" class=\"alignnone size-thumbnail wp-image-19706\" title=\"TV Rot-Gold-S\u00f6gel wird Landesst\u00fctzpunkt8\" src=\"https:\/\/www.forum-soegel.de\/information\/wp-content\/uploads\/2016\/09\/TV-Rot-Gold-S\u00f6gel-wird-Landesst\u00fctzpunkt8-150x150.jpg\" alt=\"\" width=\"150\" height=\"150\" \/><\/a>\u00a0\u00a0<a href=\"https:\/\/www.forum-soegel.de\/information\/wp-content\/uploads\/2016\/09\/TV-Rot-Gold-S\u00f6gel-wird-Landesst\u00fctzpunkt9.jpg\"><img loading=\"lazy\" decoding=\"async\" class=\"alignnone size-thumbnail wp-image-19707\" title=\"TV Rot-Gold-S\u00f6gel wird Landesst\u00fctzpunkt9\" src=\"https:\/\/www.forum-soegel.de\/information\/wp-content\/uploads\/2016\/09\/TV-Rot-Gold-S\u00f6gel-wird-Landesst\u00fctzpunkt9-150x150.jpg\" alt=\"\" width=\"150\" height=\"150\" \/><\/a><\/p>\n<p>&nbsp;<\/p>\n","protected":false},"excerpt":{"rendered":"S\u00f6gel &#8211; Am 6.August hatte der Tennisverein Rot-Gold seinen gro\u00dfen Tag: er feierte bei gutem Wetter und zahlreichen Besuchern sein 90j\u00e4hriges Vereinsjubil\u00e4um. Vorsitzender M.Kohnen begr\u00fc\u00dfte zahlreiche G\u00e4ste, darunter den Pr\u00e4sidenten des Nieders\u00e4chsischen Tennisverbandes, Herrn Gottfried Schumann, den Europaabgeordneten Jens Gieseke, die Vertreter der Gemeinde Irmgard Welling und G\u00fcnter Wigbers,\u00a0 den Kreistagsabgeordneten Karl Steinbild, den Vertreter [&hellip;]\n","protected":false},"author":2,"featured_media":0,"comment_status":"closed","ping_status":"closed","sticky":false,"template":"","format":"standard","meta":{"ngg_post_thumbnail":0,"footnotes":""},"categories":[5],"tags":[],"class_list":["post-19698","post","type-post","status-publish","format-standard","hentry","category-was-machen-die-vereine"],"_links":{"self":[{"href":"https:\/\/www.forum-soegel.de\/information\/wp-json\/wp\/v2\/posts\/19698","targetHints":{"allow":["GET"]}}],"collection":[{"href":"https:\/\/www.forum-soegel.de\/information\/wp-json\/wp\/v2\/posts"}],"about":[{"href":"https:\/\/www.forum-soegel.de\/information\/wp-json\/wp\/v2\/types\/post"}],"author":[{"embeddable":true,"href":"https:\/\/www.forum-soegel.de\/information\/wp-json\/wp\/v2\/users\/2"}],"replies":[{"embeddable":true,"href":"https:\/\/www.forum-soegel.de\/information\/wp-json\/wp\/v2\/comments?post=19698"}],"version-history":[{"count":1,"href":"https:\/\/www.forum-soegel.de\/information\/wp-json\/wp\/v2\/posts\/19698\/revisions"}],"predecessor-version":[{"id":19708,"href":"https:\/\/www.forum-soegel.de\/information\/wp-json\/wp\/v2\/posts\/19698\/revisions\/19708"}],"wp:attachment":[{"href":"https:\/\/www.forum-soegel.de\/information\/wp-json\/wp\/v2\/media?parent=19698"}],"wp:term":[{"taxonomy":"category","embeddable":true,"href":"https:\/\/www.forum-soegel.de\/information\/wp-json\/wp\/v2\/categories?post=19698"},{"taxonomy":"post_tag","embeddable":true,"href":"https:\/\/www.forum-soegel.de\/information\/wp-json\/wp\/v2\/tags?post=19698"}],"curies":[{"name":"wp","href":"https:\/\/api.w.org\/{rel}","templated":true}]}}