{"id":19690,"date":"2016-09-03T08:11:07","date_gmt":"2016-09-03T06:11:07","guid":{"rendered":"https:\/\/www.forum-soegel.de\/information\/?p=19690"},"modified":"2016-09-03T08:11:07","modified_gmt":"2016-09-03T06:11:07","slug":"tenniscamp-in-sogel","status":"publish","type":"post","link":"https:\/\/www.forum-soegel.de\/information\/2016\/09\/tenniscamp-in-sogel\/","title":{"rendered":"Tenniscamp in S\u00f6gel"},"content":{"rendered":"<p><a href=\"https:\/\/www.forum-soegel.de\/information\/wp-content\/uploads\/2016\/09\/Tenniscamp-in-S\u00f6gel.jpg\"><img loading=\"lazy\" decoding=\"async\" class=\"alignleft size-medium wp-image-19691\" title=\"Tenniscamp in S\u00f6gel\" src=\"https:\/\/www.forum-soegel.de\/information\/wp-content\/uploads\/2016\/09\/Tenniscamp-in-S\u00f6gel-300x199.jpg\" alt=\"\" width=\"300\" height=\"199\" srcset=\"https:\/\/www.forum-soegel.de\/information\/wp-content\/uploads\/2016\/09\/Tenniscamp-in-S\u00f6gel-300x199.jpg 300w, https:\/\/www.forum-soegel.de\/information\/wp-content\/uploads\/2016\/09\/Tenniscamp-in-S\u00f6gel.jpg 1024w\" sizes=\"auto, (max-width: 300px) 100vw, 300px\" \/><\/a>S\u00f6gel &#8211; Das erste Tenniscamp des S\u00f6geler Tennisvereins \u201eRot-Gold\u201c fand in den Sommerferien statt.<\/p>\n<p>Trainer Arne und Jugendwart Timo hatten f\u00fcr ihre \u201eSch\u00fctzlinge\u201c einiges vorbereitet. Neben intensiven Trainingseinheiten kam auch das Gemeinschaftsgef\u00fchl nicht zu kurz: abends wurde gegrillt, danach schloss sich ein Spiele-Abend an. Highlight war das gemeinsame \u00dcbernachten im Zelt.<\/p>\n<p>Nach einem kr\u00e4ftigen Fr\u00fchst\u00fcck ging es noch mal f\u00fcr einige \u00dcbungen mit der gelben Filzkugel auf den Platz.<\/p>\n<p>Aufgrund des z.T. nicht ganz so guten Wetters und des ungl\u00fccklichen Termins (Urlaubszeit) waren leider nicht alle Tennisspieler\/innen erschienen, die sich angemeldet hatten.<\/p>\n<p>\u201eEs hat uns so viel Spa\u00df gemacht\u201c, war die einm\u00fctige Meinung aller Teilnehmer, und so ist es jetzt schon sicher, dass im n\u00e4chsten Jahr wieder ein Tenniscamp stattfinden soll.<\/p>\n<p>Text\/Foto: Klaus Kulkmann<\/p>\n<p>&nbsp;<\/p>\n<p>&nbsp;<\/p>\n<p>&nbsp;<\/p>\n","protected":false},"excerpt":{"rendered":"S\u00f6gel &#8211; Das erste Tenniscamp des S\u00f6geler Tennisvereins \u201eRot-Gold\u201c fand in den Sommerferien statt. Trainer Arne und Jugendwart Timo hatten f\u00fcr ihre \u201eSch\u00fctzlinge\u201c einiges vorbereitet. Neben intensiven Trainingseinheiten kam auch das Gemeinschaftsgef\u00fchl nicht zu kurz: abends wurde gegrillt, danach schloss sich ein Spiele-Abend an. Highlight war das gemeinsame \u00dcbernachten im Zelt. Nach einem kr\u00e4ftigen Fr\u00fchst\u00fcck [&hellip;]\n","protected":false},"author":2,"featured_media":0,"comment_status":"closed","ping_status":"closed","sticky":false,"template":"","format":"standard","meta":{"ngg_post_thumbnail":0,"footnotes":""},"categories":[5],"tags":[],"class_list":["post-19690","post","type-post","status-publish","format-standard","hentry","category-was-machen-die-vereine"],"_links":{"self":[{"href":"https:\/\/www.forum-soegel.de\/information\/wp-json\/wp\/v2\/posts\/19690","targetHints":{"allow":["GET"]}}],"collection":[{"href":"https:\/\/www.forum-soegel.de\/information\/wp-json\/wp\/v2\/posts"}],"about":[{"href":"https:\/\/www.forum-soegel.de\/information\/wp-json\/wp\/v2\/types\/post"}],"author":[{"embeddable":true,"href":"https:\/\/www.forum-soegel.de\/information\/wp-json\/wp\/v2\/users\/2"}],"replies":[{"embeddable":true,"href":"https:\/\/www.forum-soegel.de\/information\/wp-json\/wp\/v2\/comments?post=19690"}],"version-history":[{"count":1,"href":"https:\/\/www.forum-soegel.de\/information\/wp-json\/wp\/v2\/posts\/19690\/revisions"}],"predecessor-version":[{"id":19692,"href":"https:\/\/www.forum-soegel.de\/information\/wp-json\/wp\/v2\/posts\/19690\/revisions\/19692"}],"wp:attachment":[{"href":"https:\/\/www.forum-soegel.de\/information\/wp-json\/wp\/v2\/media?parent=19690"}],"wp:term":[{"taxonomy":"category","embeddable":true,"href":"https:\/\/www.forum-soegel.de\/information\/wp-json\/wp\/v2\/categories?post=19690"},{"taxonomy":"post_tag","embeddable":true,"href":"https:\/\/www.forum-soegel.de\/information\/wp-json\/wp\/v2\/tags?post=19690"}],"curies":[{"name":"wp","href":"https:\/\/api.w.org\/{rel}","templated":true}]}}