{"id":19673,"date":"2016-09-03T08:07:54","date_gmt":"2016-09-03T06:07:54","guid":{"rendered":"https:\/\/www.forum-soegel.de\/information\/?p=19673"},"modified":"2016-10-10T16:14:37","modified_gmt":"2016-10-10T14:14:37","slug":"sogeler-und-norger-burger-zu-besuch-in-werlte","status":"publish","type":"post","link":"https:\/\/www.forum-soegel.de\/information\/2016\/09\/sogeler-und-norger-burger-zu-besuch-in-werlte\/","title":{"rendered":"S\u00f6geler und Norger B\u00fcrger zu Besuch in Werlte"},"content":{"rendered":"<p align=\"left\">S\u00f6gel &#8211; Die im j\u00e4hrlichen Wechsel in S\u00f6gel oder Norg stattfindende Radtour zwischen S\u00f6geler und Norger B\u00fcrgern f\u00fchrte in diesem Jahr in unsere Nachbargemeinde Werlte.<\/p>\n<p align=\"left\">Zu Beginn der vom Heimatverein S\u00f6gel organisierten Fahrt wurde zun\u00e4chst gemeinsam im Heimathaus gefr\u00fchst\u00fcckt, bevor man sich trotzt des einsetzenden Regens in Richtung Werlte aufmachte.<\/p>\n<p align=\"left\">Die erste Pause wurde am Theikenmeer eingelegt, wo unsere Freunde aus Norg ein paar Informationen \u00fcber das dortige 250 ha gro\u00dfe Naturschutzgebiet erhielten.<\/p>\n<p align=\"left\">Im str\u00f6menden Regen kam die Truppe dann in Werlte an, wo die Besichtigung der Kreutzmanns M\u00fchle sowie das Kaffetrinken im M\u00fchlencafe, als willkommene Regenpausen genossen wurden.<\/p>\n<p align=\"left\">Trotz des Dauerregens, der sich zwischenzeitlich eingestellt hatte, wurde auch die geplante F\u00fchrung im Bibelgarten nicht ausgelassen. Nach fachkundiger F\u00fchrung von Frau Strickerschmidt und ihrem Bibelgarten-Team ging es danach wieder in Richtung S\u00f6gel. Unterwegs warteten auf alle Teilnehmer bei Gabys Kiosk in Ostenwalde schon leckere selbstgemachte Salate sowie schmackhaftes Grillfleisch. Wohlgest\u00e4rkt konnte man dann die letzte Etappe bis nach S\u00f6gel gut schaffen. Der Wettergott meinte es allerdings auch auf dem letzten Teilst\u00fcck nicht gut mit den Radlern, sondern \u00f6ffnete nolchmals extra weit seine Schleusen.<\/p>\n<p align=\"left\">Wenn auch die Wetterbedingungen alles andere als ideal waren, so tat es der Stimmung insgesamt keinen Abbruch. Trotz nasser Kleidung traten unsere Norger Freunde gut gelaunt die Heimfahrt in die Niederlande an.<\/p>\n<p align=\"left\">Text: GS \/ Foto: B. Talens<\/p>\n<p align=\"left\"><a href=\"https:\/\/www.forum-soegel.de\/information\/wp-content\/uploads\/2016\/09\/DSC00851.jpg\"><img loading=\"lazy\" decoding=\"async\" class=\"alignnone size-thumbnail wp-image-19674\" title=\"DSC00851\" src=\"https:\/\/www.forum-soegel.de\/information\/wp-content\/uploads\/2016\/09\/DSC00851-150x150.jpg\" alt=\"\" width=\"150\" height=\"150\" \/><\/a>\u00a0\u00a0<a href=\"https:\/\/www.forum-soegel.de\/information\/wp-content\/uploads\/2016\/09\/DSC00852.jpg\"><img loading=\"lazy\" decoding=\"async\" class=\"alignnone size-thumbnail wp-image-19675\" title=\"DSC00852\" src=\"https:\/\/www.forum-soegel.de\/information\/wp-content\/uploads\/2016\/09\/DSC00852-150x150.jpg\" alt=\"\" width=\"150\" height=\"150\" \/><\/a>\u00a0\u00a0<a href=\"https:\/\/www.forum-soegel.de\/information\/wp-content\/uploads\/2016\/09\/DSC00858.jpg\"><img loading=\"lazy\" decoding=\"async\" class=\"alignnone size-thumbnail wp-image-19676\" title=\"DSC00858\" src=\"https:\/\/www.forum-soegel.de\/information\/wp-content\/uploads\/2016\/09\/DSC00858-150x150.jpg\" alt=\"\" width=\"150\" height=\"150\" \/><\/a><\/p>\n<p align=\"left\"><a href=\"https:\/\/www.forum-soegel.de\/information\/wp-content\/uploads\/2016\/09\/DSC00883.jpg\"><img loading=\"lazy\" decoding=\"async\" class=\"alignnone size-thumbnail wp-image-19677\" title=\"DSC00883\" src=\"https:\/\/www.forum-soegel.de\/information\/wp-content\/uploads\/2016\/09\/DSC00883-150x150.jpg\" alt=\"\" width=\"150\" height=\"150\" \/><\/a>\u00a0\u00a0<a href=\"https:\/\/www.forum-soegel.de\/information\/wp-content\/uploads\/2016\/09\/DSC00868.jpg\"><img loading=\"lazy\" decoding=\"async\" class=\"alignnone size-thumbnail wp-image-19678\" title=\"DSC00868\" src=\"https:\/\/www.forum-soegel.de\/information\/wp-content\/uploads\/2016\/09\/DSC00868-150x150.jpg\" alt=\"\" width=\"150\" height=\"150\" \/><\/a>\u00a0\u00a0<a href=\"https:\/\/www.forum-soegel.de\/information\/wp-content\/uploads\/2016\/09\/DSC00886.jpg\"><img loading=\"lazy\" decoding=\"async\" class=\"alignnone size-thumbnail wp-image-19679\" title=\"DSC00886\" src=\"https:\/\/www.forum-soegel.de\/information\/wp-content\/uploads\/2016\/09\/DSC00886-150x150.jpg\" alt=\"\" width=\"150\" height=\"150\" \/><\/a><\/p>\n<p align=\"left\"><a href=\"https:\/\/www.forum-soegel.de\/information\/wp-content\/uploads\/2016\/09\/DSC00890.jpg\"><img loading=\"lazy\" decoding=\"async\" class=\"alignnone size-thumbnail wp-image-19680\" title=\"DSC00890\" src=\"https:\/\/www.forum-soegel.de\/information\/wp-content\/uploads\/2016\/09\/DSC00890-150x150.jpg\" alt=\"\" width=\"150\" height=\"150\" \/><\/a>\u00a0\u00a0<a href=\"https:\/\/www.forum-soegel.de\/information\/wp-content\/uploads\/2016\/09\/DSC00891.jpg\"><img loading=\"lazy\" decoding=\"async\" class=\"alignnone size-thumbnail wp-image-19681\" title=\"DSC00891\" src=\"https:\/\/www.forum-soegel.de\/information\/wp-content\/uploads\/2016\/09\/DSC00891-150x150.jpg\" alt=\"\" width=\"150\" height=\"150\" \/><\/a>\u00a0\u00a0<a href=\"https:\/\/www.forum-soegel.de\/information\/wp-content\/uploads\/2016\/09\/DSC00894.jpg\"><img loading=\"lazy\" decoding=\"async\" class=\"alignnone size-thumbnail wp-image-19682\" title=\"DSC00894\" src=\"https:\/\/www.forum-soegel.de\/information\/wp-content\/uploads\/2016\/09\/DSC00894-150x150.jpg\" alt=\"\" width=\"150\" height=\"150\" \/><\/a><\/p>\n<p align=\"left\"><a href=\"https:\/\/www.forum-soegel.de\/information\/wp-content\/uploads\/2016\/09\/DSC00895.jpg\"><img loading=\"lazy\" decoding=\"async\" class=\"alignnone size-thumbnail wp-image-19683\" title=\"DSC00895\" src=\"https:\/\/www.forum-soegel.de\/information\/wp-content\/uploads\/2016\/09\/DSC00895-150x150.jpg\" alt=\"\" width=\"150\" height=\"150\" \/><\/a>\u00a0\u00a0<a href=\"https:\/\/www.forum-soegel.de\/information\/wp-content\/uploads\/2016\/09\/DSC00902.jpg\"><img loading=\"lazy\" decoding=\"async\" class=\"alignnone size-thumbnail wp-image-19684\" title=\"DSC00902\" src=\"https:\/\/www.forum-soegel.de\/information\/wp-content\/uploads\/2016\/09\/DSC00902-150x150.jpg\" alt=\"\" width=\"150\" height=\"150\" \/><\/a>\u00a0\u00a0<a href=\"https:\/\/www.forum-soegel.de\/information\/wp-content\/uploads\/2016\/09\/DSC00910.jpg\"><img loading=\"lazy\" decoding=\"async\" class=\"alignnone size-thumbnail wp-image-19685\" title=\"DSC00910\" src=\"https:\/\/www.forum-soegel.de\/information\/wp-content\/uploads\/2016\/09\/DSC00910-150x150.jpg\" alt=\"\" width=\"150\" height=\"150\" \/><\/a><\/p>\n","protected":false},"excerpt":{"rendered":"S\u00f6gel &#8211; Die im j\u00e4hrlichen Wechsel in S\u00f6gel oder Norg stattfindende Radtour zwischen S\u00f6geler und Norger B\u00fcrgern f\u00fchrte in diesem Jahr in unsere Nachbargemeinde Werlte. Zu Beginn der vom Heimatverein S\u00f6gel organisierten Fahrt wurde zun\u00e4chst gemeinsam im Heimathaus gefr\u00fchst\u00fcckt, bevor man sich trotzt des einsetzenden Regens in Richtung Werlte aufmachte. Die erste Pause wurde am [&hellip;]\n","protected":false},"author":2,"featured_media":0,"comment_status":"closed","ping_status":"closed","sticky":false,"template":"","format":"standard","meta":{"ngg_post_thumbnail":0,"footnotes":""},"categories":[5],"tags":[],"class_list":["post-19673","post","type-post","status-publish","format-standard","hentry","category-was-machen-die-vereine"],"_links":{"self":[{"href":"https:\/\/www.forum-soegel.de\/information\/wp-json\/wp\/v2\/posts\/19673","targetHints":{"allow":["GET"]}}],"collection":[{"href":"https:\/\/www.forum-soegel.de\/information\/wp-json\/wp\/v2\/posts"}],"about":[{"href":"https:\/\/www.forum-soegel.de\/information\/wp-json\/wp\/v2\/types\/post"}],"author":[{"embeddable":true,"href":"https:\/\/www.forum-soegel.de\/information\/wp-json\/wp\/v2\/users\/2"}],"replies":[{"embeddable":true,"href":"https:\/\/www.forum-soegel.de\/information\/wp-json\/wp\/v2\/comments?post=19673"}],"version-history":[{"count":2,"href":"https:\/\/www.forum-soegel.de\/information\/wp-json\/wp\/v2\/posts\/19673\/revisions"}],"predecessor-version":[{"id":19813,"href":"https:\/\/www.forum-soegel.de\/information\/wp-json\/wp\/v2\/posts\/19673\/revisions\/19813"}],"wp:attachment":[{"href":"https:\/\/www.forum-soegel.de\/information\/wp-json\/wp\/v2\/media?parent=19673"}],"wp:term":[{"taxonomy":"category","embeddable":true,"href":"https:\/\/www.forum-soegel.de\/information\/wp-json\/wp\/v2\/categories?post=19673"},{"taxonomy":"post_tag","embeddable":true,"href":"https:\/\/www.forum-soegel.de\/information\/wp-json\/wp\/v2\/tags?post=19673"}],"curies":[{"name":"wp","href":"https:\/\/api.w.org\/{rel}","templated":true}]}}