{"id":19670,"date":"2016-09-03T07:55:15","date_gmt":"2016-09-03T05:55:15","guid":{"rendered":"https:\/\/www.forum-soegel.de\/information\/?p=19670"},"modified":"2016-09-03T10:22:46","modified_gmt":"2016-09-03T08:22:46","slug":"sogeler-schutzen-feierten-drei-tage-2","status":"publish","type":"post","link":"https:\/\/www.forum-soegel.de\/information\/2016\/09\/sogeler-schutzen-feierten-drei-tage-2\/","title":{"rendered":"S\u00f6geler Sch\u00fctzen feierten drei Tage"},"content":{"rendered":"<p style=\"text-align: left;\" align=\"center\"><strong>Michael Kla\u00df ist neuer Sch\u00fctzenk\u00f6nig<em><\/em><\/strong><\/p>\n<p>S\u00f6gel &#8211; Der Startschuss zum S\u00f6geler Sch\u00fctzenfest war am Samstagabend mit dem Kaiserschie\u00dfen gefallen, wobei J\u00fcrgen Peters II. Kompanie, die Kaiserw\u00fcrde errang. Beim sehr gut besuchten Festball mit dem amtierenden K\u00f6nigspaar Maria und Heinz Robbers und dem Throngefolge wurde ausgiebig bis in den fr\u00fchen Morgenstunden gefeiert.<\/p>\n<p>Am Sonntagmittag formierte sich das Sch\u00fctzenvolk am Ludmillenhof und marschierte bestaunt von vielen G\u00e4sten durch die sehr sch\u00f6n geschm\u00fcckten Stra\u00dfen S\u00f6gels. Die Majest\u00e4ten und Jubelthrone wurden in festlich geschm\u00fcckten Kutschen zum Sch\u00fctzenplatz gef\u00fchrt. Am Sonntagnachmittag konnte dann David Olliges zum neuen Kinderk\u00f6nig und Fenja Strauch zur Kinderk\u00f6nigin proklamiert werden. Zu ihrem Throngefolge beriefen sie Ben Meyerrenken und Maxi Farwick sowie Michael Kla\u00df und Emma Santel. Bataillons-Meister wurde Stephan Robbers aus der I. Kompanie.<\/p>\n<p>Nach dem \u00f6kumenischen Gottesdienst und der Kranzniederlegung am Ehrenmal folgte am Montagmorgen der Festmarsch zum Sch\u00fctzenplatz. Beim anschl. Fr\u00fchschoppen mit K\u00f6nigschie\u00dfen unter der Begleitung der Kolpingkapelle, konnte dann um 12.00 Uhr die Proklamation des neuen K\u00f6nig Michael Kla\u00df erfolgen. Mit Ehefrau Sandra als K\u00f6nigin berief er Sabine und J\u00fcrgen Jansen, Katja und Peter Moritz, Carmen und Guido Santel, Ines und Markus Resing, Rebekka und Thomas Esch sowie Anja und Markus Schute zu seinem Throngefolge. Bis in die sp\u00e4ten Abendstunden wurde dann zu ausgelassener Partymusik eines DJ\u00b4s getanzt und gefeiert.<\/p>\n<p>Text Werner Brinkmann Foto Dick van der Lugt<\/p>\n<p><a href=\"https:\/\/www.forum-soegel.de\/information\/wp-content\/uploads\/2016\/09\/S\u00f6geler-Sch\u00fctzen-feierten-drei-Tage.jpg\"><img loading=\"lazy\" decoding=\"async\" class=\"alignnone size-medium wp-image-19671\" title=\"S\u00f6geler Sch\u00fctzen feierten drei Tage\" src=\"https:\/\/www.forum-soegel.de\/information\/wp-content\/uploads\/2016\/09\/S\u00f6geler-Sch\u00fctzen-feierten-drei-Tage-300x168.jpg\" alt=\"\" width=\"300\" height=\"168\" srcset=\"https:\/\/www.forum-soegel.de\/information\/wp-content\/uploads\/2016\/09\/S\u00f6geler-Sch\u00fctzen-feierten-drei-Tage-300x168.jpg 300w, https:\/\/www.forum-soegel.de\/information\/wp-content\/uploads\/2016\/09\/S\u00f6geler-Sch\u00fctzen-feierten-drei-Tage.jpg 1024w\" sizes=\"auto, (max-width: 300px) 100vw, 300px\" \/><\/a><\/p>\n<p><strong>Weitere sch\u00f6ne Fotos gibt es unter der Kategorie &#8222;Impressionen\/Fotogalerien&#8220; &#8211; Kinderthron 2016 <a href=\"https:\/\/www.forum-soegel.de\/information\/2016\/09\/kinderthron-2016\/\">\u00a0&gt;&gt;KLICK &lt;&lt;<\/a><\/strong><\/p>\n<p>&nbsp;<\/p>\n<p>&nbsp;<\/p>\n<p>&nbsp;<\/p>\n<p>&nbsp;<\/p>\n<p>&nbsp;<\/p>\n<p>&nbsp;<\/p>\n<p>&nbsp;<\/p>\n<p>&nbsp;<\/p>\n<p>&nbsp;<\/p>\n","protected":false},"excerpt":{"rendered":"Michael Kla\u00df ist neuer Sch\u00fctzenk\u00f6nig S\u00f6gel &#8211; Der Startschuss zum S\u00f6geler Sch\u00fctzenfest war am Samstagabend mit dem Kaiserschie\u00dfen gefallen, wobei J\u00fcrgen Peters II. Kompanie, die Kaiserw\u00fcrde errang. Beim sehr gut besuchten Festball mit dem amtierenden K\u00f6nigspaar Maria und Heinz Robbers und dem Throngefolge wurde ausgiebig bis in den fr\u00fchen Morgenstunden gefeiert. Am Sonntagmittag formierte sich [&hellip;]\n","protected":false},"author":2,"featured_media":0,"comment_status":"closed","ping_status":"closed","sticky":false,"template":"","format":"standard","meta":{"ngg_post_thumbnail":0,"footnotes":""},"categories":[5],"tags":[],"class_list":["post-19670","post","type-post","status-publish","format-standard","hentry","category-was-machen-die-vereine"],"_links":{"self":[{"href":"https:\/\/www.forum-soegel.de\/information\/wp-json\/wp\/v2\/posts\/19670","targetHints":{"allow":["GET"]}}],"collection":[{"href":"https:\/\/www.forum-soegel.de\/information\/wp-json\/wp\/v2\/posts"}],"about":[{"href":"https:\/\/www.forum-soegel.de\/information\/wp-json\/wp\/v2\/types\/post"}],"author":[{"embeddable":true,"href":"https:\/\/www.forum-soegel.de\/information\/wp-json\/wp\/v2\/users\/2"}],"replies":[{"embeddable":true,"href":"https:\/\/www.forum-soegel.de\/information\/wp-json\/wp\/v2\/comments?post=19670"}],"version-history":[{"count":4,"href":"https:\/\/www.forum-soegel.de\/information\/wp-json\/wp\/v2\/posts\/19670\/revisions"}],"predecessor-version":[{"id":19801,"href":"https:\/\/www.forum-soegel.de\/information\/wp-json\/wp\/v2\/posts\/19670\/revisions\/19801"}],"wp:attachment":[{"href":"https:\/\/www.forum-soegel.de\/information\/wp-json\/wp\/v2\/media?parent=19670"}],"wp:term":[{"taxonomy":"category","embeddable":true,"href":"https:\/\/www.forum-soegel.de\/information\/wp-json\/wp\/v2\/categories?post=19670"},{"taxonomy":"post_tag","embeddable":true,"href":"https:\/\/www.forum-soegel.de\/information\/wp-json\/wp\/v2\/tags?post=19670"}],"curies":[{"name":"wp","href":"https:\/\/api.w.org\/{rel}","templated":true}]}}