{"id":19666,"date":"2016-09-03T07:53:04","date_gmt":"2016-09-03T05:53:04","guid":{"rendered":"https:\/\/www.forum-soegel.de\/information\/?p=19666"},"modified":"2016-09-03T07:53:36","modified_gmt":"2016-09-03T05:53:36","slug":"sogeler-f2-jugend-nach-staffelmeister-im-neuen-dress","status":"publish","type":"post","link":"https:\/\/www.forum-soegel.de\/information\/2016\/09\/sogeler-f2-jugend-nach-staffelmeister-im-neuen-dress\/","title":{"rendered":"S\u00f6geler F2-Jugend nach Staffelmeister im neuen Dress"},"content":{"rendered":"<div id=\"attachment_19667\" style=\"width: 310px\" class=\"wp-caption alignnone\"><a href=\"https:\/\/www.forum-soegel.de\/information\/wp-content\/uploads\/2016\/09\/S\u00f6geler-F2-Jugend-nach-Staffelmeister-im-neuen-Dress.jpg\"><img loading=\"lazy\" decoding=\"async\" aria-describedby=\"caption-attachment-19667\" class=\"size-medium wp-image-19667\" title=\"S\u00f6geler F2-Jugend nach Staffelmeister im neuen Dress\" src=\"https:\/\/www.forum-soegel.de\/information\/wp-content\/uploads\/2016\/09\/S\u00f6geler-F2-Jugend-nach-Staffelmeister-im-neuen-Dress-300x199.jpg\" alt=\"\" width=\"300\" height=\"199\" srcset=\"https:\/\/www.forum-soegel.de\/information\/wp-content\/uploads\/2016\/09\/S\u00f6geler-F2-Jugend-nach-Staffelmeister-im-neuen-Dress-300x199.jpg 300w, https:\/\/www.forum-soegel.de\/information\/wp-content\/uploads\/2016\/09\/S\u00f6geler-F2-Jugend-nach-Staffelmeister-im-neuen-Dress.jpg 1024w\" sizes=\"auto, (max-width: 300px) 100vw, 300px\" \/><\/a><p id=\"caption-attachment-19667\" class=\"wp-caption-text\">S\u00f6gel - Nach einer grandiosen Saison und dem Gewinn der Staffelmeisterschaft in der 2. Kreisklasse konnte sich j\u00fcngst Sigiltras F2-Jugend \u00fcber einen neuen Satz Trikots und Aufw\u00e4rmpullover freuen. Gespendet wurden diese von der Firma \u201eDomain Hosting\u201c des S\u00f6gelers Lars Tolkmitt. Die Mannschaft sowie die beiden Trainer Andreas Terborg und Frank Loxen bedankten sich mit einem Blumenstrau\u00df beim Sponsor f\u00fcr die gro\u00dfz\u00fcgige Spende.<\/p><\/div>\n<p>Foto\/Text: Klaus V\u00f6lker<\/p>\n<p>&nbsp;<\/p>\n<p>&nbsp;<\/p>\n","protected":false},"excerpt":{"rendered":"Foto\/Text: Klaus V\u00f6lker &nbsp; &nbsp;\n","protected":false},"author":2,"featured_media":0,"comment_status":"closed","ping_status":"closed","sticky":false,"template":"","format":"standard","meta":{"ngg_post_thumbnail":0,"footnotes":""},"categories":[5],"tags":[],"class_list":["post-19666","post","type-post","status-publish","format-standard","hentry","category-was-machen-die-vereine"],"_links":{"self":[{"href":"https:\/\/www.forum-soegel.de\/information\/wp-json\/wp\/v2\/posts\/19666","targetHints":{"allow":["GET"]}}],"collection":[{"href":"https:\/\/www.forum-soegel.de\/information\/wp-json\/wp\/v2\/posts"}],"about":[{"href":"https:\/\/www.forum-soegel.de\/information\/wp-json\/wp\/v2\/types\/post"}],"author":[{"embeddable":true,"href":"https:\/\/www.forum-soegel.de\/information\/wp-json\/wp\/v2\/users\/2"}],"replies":[{"embeddable":true,"href":"https:\/\/www.forum-soegel.de\/information\/wp-json\/wp\/v2\/comments?post=19666"}],"version-history":[{"count":2,"href":"https:\/\/www.forum-soegel.de\/information\/wp-json\/wp\/v2\/posts\/19666\/revisions"}],"predecessor-version":[{"id":19669,"href":"https:\/\/www.forum-soegel.de\/information\/wp-json\/wp\/v2\/posts\/19666\/revisions\/19669"}],"wp:attachment":[{"href":"https:\/\/www.forum-soegel.de\/information\/wp-json\/wp\/v2\/media?parent=19666"}],"wp:term":[{"taxonomy":"category","embeddable":true,"href":"https:\/\/www.forum-soegel.de\/information\/wp-json\/wp\/v2\/categories?post=19666"},{"taxonomy":"post_tag","embeddable":true,"href":"https:\/\/www.forum-soegel.de\/information\/wp-json\/wp\/v2\/tags?post=19666"}],"curies":[{"name":"wp","href":"https:\/\/api.w.org\/{rel}","templated":true}]}}