{"id":19661,"date":"2016-09-03T07:51:39","date_gmt":"2016-09-03T05:51:39","guid":{"rendered":"https:\/\/www.forum-soegel.de\/information\/?p=19661"},"modified":"2016-09-03T07:51:39","modified_gmt":"2016-09-03T05:51:39","slug":"leichtathleten-aus-borger-beim-forum","status":"publish","type":"post","link":"https:\/\/www.forum-soegel.de\/information\/2016\/09\/leichtathleten-aus-borger-beim-forum\/","title":{"rendered":"Leichtathleten aus B\u00f6rger beim Forum"},"content":{"rendered":"<p>S\u00f6gel &#8211; Die Zukunfts- und Geschichtswerkstatt des Forums S\u00f6gel freute sich \u00fcber den Besuch der Leichtathletik-Abteilung des Sportvereins Eintracht B\u00f6rger. Vierzehn Damen und Herren informierten sich bei Kaffee und Kuchen \u00fcber das Forum. Seine Monatsschrift IfS war ihnen ohnehin bekannt. Sie zeigten sich aber verbl\u00fcfft \u00fcber die vielf\u00e4ltigen weiteren Aufgaben des Forums. Neben IfS, Europ\u00e4ischem Geschichtsweg, diversen Ausstellungen u. a. m. liegt einer der Schwerpunkte auf der Geschichtswerkstatt. Die F\u00fchrung durch die Werkstatt traf bei den G\u00e4sten auf so reges Interesse, dass sie lange blieben. Dabei erf\u00fcllte sich die p\u00e4dagogische These, gem\u00e4\u00df der es keine strikte Trennung zwischen Lehrenden und Lernenden gibt, da jeder vom anderen lernt. Die G\u00e4ste verfolgten konzentriert die Erl\u00e4uterungen und bereicherten sie nicht nur mit Fragen, sondern mit vielen Erkl\u00e4rungen, so dass jeder am Wissensschatz des anderen teilhaben konnte. Auf diese Weise bereitete angewandte moderne Museumsp\u00e4dagogik allen Spa\u00df.<\/p>\n<p>Die G\u00e4ste verabschiedeten sich mit dem Hinweis wiederzukommen. Das Forum w\u00fcnscht sich viele weitere Besuche aus B\u00f6rger.<\/p>\n<p>Text\/Foto:: UM<\/p>\n<p><a href=\"https:\/\/www.forum-soegel.de\/information\/wp-content\/uploads\/2016\/09\/Leichtathleten-aus-B\u00f6rger-beim-Forum1.jpg\"><img loading=\"lazy\" decoding=\"async\" class=\"alignnone size-thumbnail wp-image-19662\" title=\"Leichtathleten aus B\u00f6rger beim Forum1\" src=\"https:\/\/www.forum-soegel.de\/information\/wp-content\/uploads\/2016\/09\/Leichtathleten-aus-B\u00f6rger-beim-Forum1-150x150.jpg\" alt=\"\" width=\"150\" height=\"150\" \/><\/a>\u00a0\u00a0<a href=\"https:\/\/www.forum-soegel.de\/information\/wp-content\/uploads\/2016\/09\/Leichtathleten-aus-B\u00f6rger-beim-Forum2.jpg\"><img loading=\"lazy\" decoding=\"async\" class=\"alignnone size-thumbnail wp-image-19663\" title=\"Leichtathleten aus B\u00f6rger beim Forum2\" src=\"https:\/\/www.forum-soegel.de\/information\/wp-content\/uploads\/2016\/09\/Leichtathleten-aus-B\u00f6rger-beim-Forum2-150x150.jpg\" alt=\"\" width=\"150\" height=\"150\" \/><\/a>\u00a0\u00a0<a href=\"https:\/\/www.forum-soegel.de\/information\/wp-content\/uploads\/2016\/09\/Leichtathleten-aus-B\u00f6rger-beim-Forum3.jpg\"><img loading=\"lazy\" decoding=\"async\" class=\"alignnone size-thumbnail wp-image-19664\" title=\"Leichtathleten aus B\u00f6rger beim Forum3\" src=\"https:\/\/www.forum-soegel.de\/information\/wp-content\/uploads\/2016\/09\/Leichtathleten-aus-B\u00f6rger-beim-Forum3-150x150.jpg\" alt=\"\" width=\"150\" height=\"150\" \/><\/a><\/p>\n","protected":false},"excerpt":{"rendered":"S\u00f6gel &#8211; Die Zukunfts- und Geschichtswerkstatt des Forums S\u00f6gel freute sich \u00fcber den Besuch der Leichtathletik-Abteilung des Sportvereins Eintracht B\u00f6rger. Vierzehn Damen und Herren informierten sich bei Kaffee und Kuchen \u00fcber das Forum. Seine Monatsschrift IfS war ihnen ohnehin bekannt. Sie zeigten sich aber verbl\u00fcfft \u00fcber die vielf\u00e4ltigen weiteren Aufgaben des Forums. Neben IfS, Europ\u00e4ischem [&hellip;]\n","protected":false},"author":2,"featured_media":0,"comment_status":"closed","ping_status":"closed","sticky":false,"template":"","format":"standard","meta":{"ngg_post_thumbnail":0,"footnotes":""},"categories":[5],"tags":[],"class_list":["post-19661","post","type-post","status-publish","format-standard","hentry","category-was-machen-die-vereine"],"_links":{"self":[{"href":"https:\/\/www.forum-soegel.de\/information\/wp-json\/wp\/v2\/posts\/19661","targetHints":{"allow":["GET"]}}],"collection":[{"href":"https:\/\/www.forum-soegel.de\/information\/wp-json\/wp\/v2\/posts"}],"about":[{"href":"https:\/\/www.forum-soegel.de\/information\/wp-json\/wp\/v2\/types\/post"}],"author":[{"embeddable":true,"href":"https:\/\/www.forum-soegel.de\/information\/wp-json\/wp\/v2\/users\/2"}],"replies":[{"embeddable":true,"href":"https:\/\/www.forum-soegel.de\/information\/wp-json\/wp\/v2\/comments?post=19661"}],"version-history":[{"count":1,"href":"https:\/\/www.forum-soegel.de\/information\/wp-json\/wp\/v2\/posts\/19661\/revisions"}],"predecessor-version":[{"id":19665,"href":"https:\/\/www.forum-soegel.de\/information\/wp-json\/wp\/v2\/posts\/19661\/revisions\/19665"}],"wp:attachment":[{"href":"https:\/\/www.forum-soegel.de\/information\/wp-json\/wp\/v2\/media?parent=19661"}],"wp:term":[{"taxonomy":"category","embeddable":true,"href":"https:\/\/www.forum-soegel.de\/information\/wp-json\/wp\/v2\/categories?post=19661"},{"taxonomy":"post_tag","embeddable":true,"href":"https:\/\/www.forum-soegel.de\/information\/wp-json\/wp\/v2\/tags?post=19661"}],"curies":[{"name":"wp","href":"https:\/\/api.w.org\/{rel}","templated":true}]}}