{"id":19658,"date":"2016-09-03T07:49:30","date_gmt":"2016-09-03T05:49:30","guid":{"rendered":"https:\/\/www.forum-soegel.de\/information\/?p=19658"},"modified":"2016-09-03T07:49:30","modified_gmt":"2016-09-03T05:49:30","slug":"kevin-muller-regiert-die-schutzen-in-huven","status":"publish","type":"post","link":"https:\/\/www.forum-soegel.de\/information\/2016\/09\/kevin-muller-regiert-die-schutzen-in-huven\/","title":{"rendered":"Kevin M\u00fcller regiert die Sch\u00fctzen in H\u00fcven"},"content":{"rendered":"<div id=\"attachment_19659\" style=\"width: 310px\" class=\"wp-caption alignnone\"><a href=\"https:\/\/www.forum-soegel.de\/information\/wp-content\/uploads\/2016\/09\/Kevin-M\u00fcller-regiert-die-Sch\u00fctzen-in-H\u00fcven.jpg\"><img loading=\"lazy\" decoding=\"async\" aria-describedby=\"caption-attachment-19659\" class=\"size-medium wp-image-19659\" title=\"Kevin M\u00fcller regiert die Sch\u00fctzen in H\u00fcven\" src=\"https:\/\/www.forum-soegel.de\/information\/wp-content\/uploads\/2016\/09\/Kevin-M\u00fcller-regiert-die-Sch\u00fctzen-in-H\u00fcven-300x199.jpg\" alt=\"\" width=\"300\" height=\"199\" srcset=\"https:\/\/www.forum-soegel.de\/information\/wp-content\/uploads\/2016\/09\/Kevin-M\u00fcller-regiert-die-Sch\u00fctzen-in-H\u00fcven-300x199.jpg 300w, https:\/\/www.forum-soegel.de\/information\/wp-content\/uploads\/2016\/09\/Kevin-M\u00fcller-regiert-die-Sch\u00fctzen-in-H\u00fcven.jpg 1024w\" sizes=\"auto, (max-width: 300px) 100vw, 300px\" \/><\/a><p id=\"caption-attachment-19659\" class=\"wp-caption-text\">H\u00fcven - Im Sch\u00fctzenverein H\u00fcven e.V. hat sich Kevin M\u00fcller als treffsicherster Sch\u00fctze erwiesen und die K\u00f6nigsw\u00fcrde errungen. Zur K\u00f6nigin erkor er Ronja Rickermann. Zum Throngefolge geh\u00f6ren ( von links ) Markus Mimj\u00e4hner und Jessica Schlenther,Frank Rolfes und Nicole Pfeifer, Sebastian Rolfes und Maria Konen, das K\u00f6nigspaar Kevin M\u00fcller und Ronja Rickermann, Matthias Rump und Verena Meyer, Pascal Hinrichs und Anna Grever sowie Karsten Sanders und Luisa Memering<\/p><\/div>\n<p align=\"left\">Text: Andreas Bruns \/ Foto Hermann Josef D\u00f6bber<\/p>\n","protected":false},"excerpt":{"rendered":"Text: Andreas Bruns \/ Foto Hermann Josef D\u00f6bber\n","protected":false},"author":2,"featured_media":0,"comment_status":"closed","ping_status":"closed","sticky":false,"template":"","format":"standard","meta":{"ngg_post_thumbnail":0,"footnotes":""},"categories":[5],"tags":[],"class_list":["post-19658","post","type-post","status-publish","format-standard","hentry","category-was-machen-die-vereine"],"_links":{"self":[{"href":"https:\/\/www.forum-soegel.de\/information\/wp-json\/wp\/v2\/posts\/19658","targetHints":{"allow":["GET"]}}],"collection":[{"href":"https:\/\/www.forum-soegel.de\/information\/wp-json\/wp\/v2\/posts"}],"about":[{"href":"https:\/\/www.forum-soegel.de\/information\/wp-json\/wp\/v2\/types\/post"}],"author":[{"embeddable":true,"href":"https:\/\/www.forum-soegel.de\/information\/wp-json\/wp\/v2\/users\/2"}],"replies":[{"embeddable":true,"href":"https:\/\/www.forum-soegel.de\/information\/wp-json\/wp\/v2\/comments?post=19658"}],"version-history":[{"count":1,"href":"https:\/\/www.forum-soegel.de\/information\/wp-json\/wp\/v2\/posts\/19658\/revisions"}],"predecessor-version":[{"id":19660,"href":"https:\/\/www.forum-soegel.de\/information\/wp-json\/wp\/v2\/posts\/19658\/revisions\/19660"}],"wp:attachment":[{"href":"https:\/\/www.forum-soegel.de\/information\/wp-json\/wp\/v2\/media?parent=19658"}],"wp:term":[{"taxonomy":"category","embeddable":true,"href":"https:\/\/www.forum-soegel.de\/information\/wp-json\/wp\/v2\/categories?post=19658"},{"taxonomy":"post_tag","embeddable":true,"href":"https:\/\/www.forum-soegel.de\/information\/wp-json\/wp\/v2\/tags?post=19658"}],"curies":[{"name":"wp","href":"https:\/\/api.w.org\/{rel}","templated":true}]}}