{"id":19653,"date":"2016-09-03T07:48:05","date_gmt":"2016-09-03T05:48:05","guid":{"rendered":"https:\/\/www.forum-soegel.de\/information\/?p=19653"},"modified":"2016-09-03T07:48:05","modified_gmt":"2016-09-03T05:48:05","slug":"ferienpassaktion-beim-ruf-sogel","status":"publish","type":"post","link":"https:\/\/www.forum-soegel.de\/information\/2016\/09\/ferienpassaktion-beim-ruf-sogel\/","title":{"rendered":"Ferienpassaktion beim RuF S\u00f6gel"},"content":{"rendered":"<p>S\u00f6gel &#8211; Der Reitverein S\u00f6gel begr\u00fc\u00dfte zur Ferienpassaktion 12 kleine Amazonen in der Reithalle. Erst wurden die 5 Ponys gestriegelt und frisiert und dann durfte jede Amazone ihr reiten unter Beweis stellen. Die Kinder konnten sich auch beim voltigieren oder kutschfahren testen. Nach einer St\u00e4rkung von Fanta und Kuchen, versuchten die Ponyreiter das Banner vom naheliegenden Zeltlager zu stibitzen, was leider nicht gelunkten ist. Trotzdem waren alle Kinder und Ponys gl\u00fccklich.<br \/>\nAm 03. und 04. September ist das Freilandturnier auf dem J\u00e4gerhof. Von schweren Springpr\u00fcfungen, sowie Dressurpr\u00fcfungen und Jugendreiterwettbewerbe wird alles geboten. Kaffee und Kuchen steht nat\u00fcrlich f\u00fcr die Zuschauer bereit.<\/p>\n<p>Text\/Foto: Karina Hinrichs<\/p>\n<p><a href=\"https:\/\/www.forum-soegel.de\/information\/wp-content\/uploads\/2016\/09\/Ferienpassaktion-beim-RuF-S\u00f6gel1.jpg\"><img loading=\"lazy\" decoding=\"async\" class=\"alignnone size-thumbnail wp-image-19654\" title=\"Ferienpassaktion beim RuF S\u00f6gel1\" src=\"https:\/\/www.forum-soegel.de\/information\/wp-content\/uploads\/2016\/09\/Ferienpassaktion-beim-RuF-S\u00f6gel1-150x150.jpg\" alt=\"\" width=\"150\" height=\"150\" \/><\/a>\u00a0\u00a0<a href=\"https:\/\/www.forum-soegel.de\/information\/wp-content\/uploads\/2016\/09\/Ferienpassaktion-beim-RuF-S\u00f6gel2.jpg\"><img loading=\"lazy\" decoding=\"async\" class=\"alignnone size-thumbnail wp-image-19655\" title=\"Ferienpassaktion beim RuF S\u00f6gel2\" src=\"https:\/\/www.forum-soegel.de\/information\/wp-content\/uploads\/2016\/09\/Ferienpassaktion-beim-RuF-S\u00f6gel2-150x150.jpg\" alt=\"\" width=\"150\" height=\"150\" \/><\/a>\u00a0\u00a0<a href=\"https:\/\/www.forum-soegel.de\/information\/wp-content\/uploads\/2016\/09\/Ferienpassaktion-beim-RuF-S\u00f6gel3.jpg\"><img loading=\"lazy\" decoding=\"async\" class=\"alignnone size-thumbnail wp-image-19656\" title=\"Ferienpassaktion beim RuF S\u00f6gel3\" src=\"https:\/\/www.forum-soegel.de\/information\/wp-content\/uploads\/2016\/09\/Ferienpassaktion-beim-RuF-S\u00f6gel3-150x150.jpg\" alt=\"\" width=\"150\" height=\"150\" \/><\/a><\/p>\n","protected":false},"excerpt":{"rendered":"S\u00f6gel &#8211; Der Reitverein S\u00f6gel begr\u00fc\u00dfte zur Ferienpassaktion 12 kleine Amazonen in der Reithalle. Erst wurden die 5 Ponys gestriegelt und frisiert und dann durfte jede Amazone ihr reiten unter Beweis stellen. Die Kinder konnten sich auch beim voltigieren oder kutschfahren testen. Nach einer St\u00e4rkung von Fanta und Kuchen, versuchten die Ponyreiter das Banner vom [&hellip;]\n","protected":false},"author":2,"featured_media":0,"comment_status":"closed","ping_status":"closed","sticky":false,"template":"","format":"standard","meta":{"ngg_post_thumbnail":0,"footnotes":""},"categories":[5],"tags":[],"class_list":["post-19653","post","type-post","status-publish","format-standard","hentry","category-was-machen-die-vereine"],"_links":{"self":[{"href":"https:\/\/www.forum-soegel.de\/information\/wp-json\/wp\/v2\/posts\/19653","targetHints":{"allow":["GET"]}}],"collection":[{"href":"https:\/\/www.forum-soegel.de\/information\/wp-json\/wp\/v2\/posts"}],"about":[{"href":"https:\/\/www.forum-soegel.de\/information\/wp-json\/wp\/v2\/types\/post"}],"author":[{"embeddable":true,"href":"https:\/\/www.forum-soegel.de\/information\/wp-json\/wp\/v2\/users\/2"}],"replies":[{"embeddable":true,"href":"https:\/\/www.forum-soegel.de\/information\/wp-json\/wp\/v2\/comments?post=19653"}],"version-history":[{"count":1,"href":"https:\/\/www.forum-soegel.de\/information\/wp-json\/wp\/v2\/posts\/19653\/revisions"}],"predecessor-version":[{"id":19657,"href":"https:\/\/www.forum-soegel.de\/information\/wp-json\/wp\/v2\/posts\/19653\/revisions\/19657"}],"wp:attachment":[{"href":"https:\/\/www.forum-soegel.de\/information\/wp-json\/wp\/v2\/media?parent=19653"}],"wp:term":[{"taxonomy":"category","embeddable":true,"href":"https:\/\/www.forum-soegel.de\/information\/wp-json\/wp\/v2\/categories?post=19653"},{"taxonomy":"post_tag","embeddable":true,"href":"https:\/\/www.forum-soegel.de\/information\/wp-json\/wp\/v2\/tags?post=19653"}],"curies":[{"name":"wp","href":"https:\/\/api.w.org\/{rel}","templated":true}]}}