{"id":19650,"date":"2016-09-03T07:46:36","date_gmt":"2016-09-03T05:46:36","guid":{"rendered":"https:\/\/www.forum-soegel.de\/information\/?p=19650"},"modified":"2016-09-03T07:46:36","modified_gmt":"2016-09-03T05:46:36","slug":"begeisterte-kinder-bei-der-ferienpassaktion-des-schutzenverein-sogel","status":"publish","type":"post","link":"https:\/\/www.forum-soegel.de\/information\/2016\/09\/begeisterte-kinder-bei-der-ferienpassaktion-des-schutzenverein-sogel\/","title":{"rendered":"Begeisterte Kinder bei der Ferienpassaktion des Sch\u00fctzenverein S\u00f6gel"},"content":{"rendered":"<p>S\u00f6gel &#8211; Am 26.07.2016 f\u00fchrte der Sch\u00fctzenverein S\u00f6gel unter der Leitung des Vereinssportleiters\u00a0 Karl-Heinz Tharner und seinen erfahrenen Helfern die diesj\u00e4hrige Ferienpassaktion durch. Es nahmen insgesamt 26 Kinder aus den Samtgemeinden S\u00f6gel, Werlte und Nordh\u00fcmmling an dieser Veranstaltung teil. Die Kinder im Alter von 8 bis 11 Jahren wetteiferten mit dem Lasergewehr und ermittelten ihre Sieger. Erster mit dem Lasergewehr wurde \u00a0Bennet Herbers und verwies somit Kim Tharner auf den zweiten Platz. Die Gewinner wurden jeweils mit einem Pokal und alle anderen Teilnehmer mit einer Urkunde ausgezeichnet. Alle Kinder erlebten bei strahlendem Sonnenschein einen vergn\u00fcgten Nachmittag auf dem Sch\u00fctzenhof.<\/p>\n<p>Text: Werner Brinkmann \/ Foto: Sch\u00fctzenverein<\/p>\n<p><a href=\"https:\/\/www.forum-soegel.de\/information\/wp-content\/uploads\/2016\/09\/Begeisterte-Kinder-bei-der-Ferienpassaktion-des-Sch\u00fctzenverein-S\u00f6gel.jpg\"><img loading=\"lazy\" decoding=\"async\" class=\"alignnone size-medium wp-image-19651\" title=\"Begeisterte Kinder bei der Ferienpassaktion des Sch\u00fctzenverein S\u00f6gel\" src=\"https:\/\/www.forum-soegel.de\/information\/wp-content\/uploads\/2016\/09\/Begeisterte-Kinder-bei-der-Ferienpassaktion-des-Sch\u00fctzenverein-S\u00f6gel-300x168.jpg\" alt=\"\" width=\"300\" height=\"168\" srcset=\"https:\/\/www.forum-soegel.de\/information\/wp-content\/uploads\/2016\/09\/Begeisterte-Kinder-bei-der-Ferienpassaktion-des-Sch\u00fctzenverein-S\u00f6gel-300x168.jpg 300w, https:\/\/www.forum-soegel.de\/information\/wp-content\/uploads\/2016\/09\/Begeisterte-Kinder-bei-der-Ferienpassaktion-des-Sch\u00fctzenverein-S\u00f6gel.jpg 1024w\" sizes=\"auto, (max-width: 300px) 100vw, 300px\" \/><\/a><\/p>\n","protected":false},"excerpt":{"rendered":"S\u00f6gel &#8211; Am 26.07.2016 f\u00fchrte der Sch\u00fctzenverein S\u00f6gel unter der Leitung des Vereinssportleiters\u00a0 Karl-Heinz Tharner und seinen erfahrenen Helfern die diesj\u00e4hrige Ferienpassaktion durch. Es nahmen insgesamt 26 Kinder aus den Samtgemeinden S\u00f6gel, Werlte und Nordh\u00fcmmling an dieser Veranstaltung teil. Die Kinder im Alter von 8 bis 11 Jahren wetteiferten mit dem Lasergewehr und ermittelten ihre [&hellip;]\n","protected":false},"author":2,"featured_media":0,"comment_status":"closed","ping_status":"closed","sticky":false,"template":"","format":"standard","meta":{"ngg_post_thumbnail":0,"footnotes":""},"categories":[5],"tags":[],"class_list":["post-19650","post","type-post","status-publish","format-standard","hentry","category-was-machen-die-vereine"],"_links":{"self":[{"href":"https:\/\/www.forum-soegel.de\/information\/wp-json\/wp\/v2\/posts\/19650","targetHints":{"allow":["GET"]}}],"collection":[{"href":"https:\/\/www.forum-soegel.de\/information\/wp-json\/wp\/v2\/posts"}],"about":[{"href":"https:\/\/www.forum-soegel.de\/information\/wp-json\/wp\/v2\/types\/post"}],"author":[{"embeddable":true,"href":"https:\/\/www.forum-soegel.de\/information\/wp-json\/wp\/v2\/users\/2"}],"replies":[{"embeddable":true,"href":"https:\/\/www.forum-soegel.de\/information\/wp-json\/wp\/v2\/comments?post=19650"}],"version-history":[{"count":1,"href":"https:\/\/www.forum-soegel.de\/information\/wp-json\/wp\/v2\/posts\/19650\/revisions"}],"predecessor-version":[{"id":19652,"href":"https:\/\/www.forum-soegel.de\/information\/wp-json\/wp\/v2\/posts\/19650\/revisions\/19652"}],"wp:attachment":[{"href":"https:\/\/www.forum-soegel.de\/information\/wp-json\/wp\/v2\/media?parent=19650"}],"wp:term":[{"taxonomy":"category","embeddable":true,"href":"https:\/\/www.forum-soegel.de\/information\/wp-json\/wp\/v2\/categories?post=19650"},{"taxonomy":"post_tag","embeddable":true,"href":"https:\/\/www.forum-soegel.de\/information\/wp-json\/wp\/v2\/tags?post=19650"}],"curies":[{"name":"wp","href":"https:\/\/api.w.org\/{rel}","templated":true}]}}