{"id":19643,"date":"2016-09-03T07:44:55","date_gmt":"2016-09-03T05:44:55","guid":{"rendered":"https:\/\/www.forum-soegel.de\/information\/?p=19643"},"modified":"2016-09-03T07:44:55","modified_gmt":"2016-09-03T05:44:55","slug":"zukunftstag-bei-deeken-innenausbau","status":"publish","type":"post","link":"https:\/\/www.forum-soegel.de\/information\/2016\/09\/zukunftstag-bei-deeken-innenausbau\/","title":{"rendered":"Zukunftstag bei Deeken Innenausbau"},"content":{"rendered":"<p><a href=\"https:\/\/www.forum-soegel.de\/information\/wp-content\/uploads\/2016\/09\/Zukunftstag-bei-Deeken-Innenausbau41.jpg\"><img loading=\"lazy\" decoding=\"async\" class=\"alignleft size-thumbnail wp-image-19648\" title=\"Zukunftstag bei Deeken Innenausbau4\" src=\"https:\/\/www.forum-soegel.de\/information\/wp-content\/uploads\/2016\/09\/Zukunftstag-bei-Deeken-Innenausbau41-150x150.jpg\" alt=\"\" width=\"150\" height=\"150\" \/><\/a>S\u00f6gel &#8211; Am sogenannten Zukunftstag der Schulen haben die Kinder die M\u00f6glichkeit f\u00fcr einen Tag in das Berufsleben zu schnuppern. Dieser Tag war in diesem Jahr f\u00fcr zwei Jungs etwas ganz besonderes. Erik Hamm aus Werlte und Kilian Schmitz aus Neub\u00f6rger absolvierten ihren Tag der Zukunft in dem Unternehmen DEEKEN innenausbau in S\u00f6gel. Das Besondere war allerdings, dass sie ihren V\u00e4tern \u00fcber die Schulter schauen konnten. Hans-Dieter Schmitz und Vitali Hamm sind bereits seit \u00fcber 15 Jahren im Unternehmen Deeken t\u00e4tig und konnten nun ihre S\u00f6hne mit zur Arbeit bringen. F\u00fcr V\u00e4ter und S\u00f6hne war dies ein besonderer Tag, denn Erik und Kilian konnten ihre ersten eigenen Werkst\u00fccke unter Anleitung der V\u00e4ter bauen. Hier konnte der Begriff Zukunftstag einmal w\u00f6rtlich genommen werden, auch wenn die beiden 5. Kl\u00e4ssler noch keine \u201eZukunfts-Ausbildungsvertr\u00e4ge\u201c unterschreiben wollten, so Frau Anja Deeken-Rickermann. \u201eEs macht uns schon ein bisschen stolz, dass nun vielleicht bereits die zweite Generation in den Startl\u00f6chern steht und gute engagierte Tischler-Lehrlinge sind bei uns immer willkommen\u201c.<\/p>\n<p>Text\/Foto: Deeken Innenausbau<\/p>\n<div id=\"attachment_19644\" style=\"width: 235px\" class=\"wp-caption alignnone\"><a href=\"https:\/\/www.forum-soegel.de\/information\/wp-content\/uploads\/2016\/09\/Zukunftstag-bei-Deeken-Innenausbau1.jpg\"><img loading=\"lazy\" decoding=\"async\" aria-describedby=\"caption-attachment-19644\" class=\"size-medium wp-image-19644\" title=\"Zukunftstag bei Deeken Innenausbau1\" src=\"https:\/\/www.forum-soegel.de\/information\/wp-content\/uploads\/2016\/09\/Zukunftstag-bei-Deeken-Innenausbau1-225x300.jpg\" alt=\"\" width=\"225\" height=\"300\" srcset=\"https:\/\/www.forum-soegel.de\/information\/wp-content\/uploads\/2016\/09\/Zukunftstag-bei-Deeken-Innenausbau1-225x300.jpg 225w, https:\/\/www.forum-soegel.de\/information\/wp-content\/uploads\/2016\/09\/Zukunftstag-bei-Deeken-Innenausbau1.jpg 576w\" sizes=\"auto, (max-width: 225px) 100vw, 225px\" \/><\/a><p id=\"caption-attachment-19644\" class=\"wp-caption-text\">v.l.n.r. Vitali und Erik Hamm, Hans-Dieter und Kilian Schmitz<\/p><\/div>\n<p>&nbsp;<\/p>\n","protected":false},"excerpt":{"rendered":"S\u00f6gel &#8211; Am sogenannten Zukunftstag der Schulen haben die Kinder die M\u00f6glichkeit f\u00fcr einen Tag in das Berufsleben zu schnuppern. Dieser Tag war in diesem Jahr f\u00fcr zwei Jungs etwas ganz besonderes. Erik Hamm aus Werlte und Kilian Schmitz aus Neub\u00f6rger absolvierten ihren Tag der Zukunft in dem Unternehmen DEEKEN innenausbau in S\u00f6gel. Das Besondere [&hellip;]\n","protected":false},"author":2,"featured_media":0,"comment_status":"closed","ping_status":"closed","sticky":false,"template":"","format":"standard","meta":{"ngg_post_thumbnail":0,"footnotes":""},"categories":[4],"tags":[],"class_list":["post-19643","post","type-post","status-publish","format-standard","hentry","category-aus-der-geschaftswelt"],"_links":{"self":[{"href":"https:\/\/www.forum-soegel.de\/information\/wp-json\/wp\/v2\/posts\/19643","targetHints":{"allow":["GET"]}}],"collection":[{"href":"https:\/\/www.forum-soegel.de\/information\/wp-json\/wp\/v2\/posts"}],"about":[{"href":"https:\/\/www.forum-soegel.de\/information\/wp-json\/wp\/v2\/types\/post"}],"author":[{"embeddable":true,"href":"https:\/\/www.forum-soegel.de\/information\/wp-json\/wp\/v2\/users\/2"}],"replies":[{"embeddable":true,"href":"https:\/\/www.forum-soegel.de\/information\/wp-json\/wp\/v2\/comments?post=19643"}],"version-history":[{"count":1,"href":"https:\/\/www.forum-soegel.de\/information\/wp-json\/wp\/v2\/posts\/19643\/revisions"}],"predecessor-version":[{"id":19649,"href":"https:\/\/www.forum-soegel.de\/information\/wp-json\/wp\/v2\/posts\/19643\/revisions\/19649"}],"wp:attachment":[{"href":"https:\/\/www.forum-soegel.de\/information\/wp-json\/wp\/v2\/media?parent=19643"}],"wp:term":[{"taxonomy":"category","embeddable":true,"href":"https:\/\/www.forum-soegel.de\/information\/wp-json\/wp\/v2\/categories?post=19643"},{"taxonomy":"post_tag","embeddable":true,"href":"https:\/\/www.forum-soegel.de\/information\/wp-json\/wp\/v2\/tags?post=19643"}],"curies":[{"name":"wp","href":"https:\/\/api.w.org\/{rel}","templated":true}]}}